{"id":111661,"date":"2025-12-20T02:16:17","date_gmt":"2025-12-20T02:16:17","guid":{"rendered":"https:\/\/www.europesays.com\/se\/111661\/"},"modified":"2025-12-20T02:16:17","modified_gmt":"2025-12-20T02:16:17","slug":"konsta-helenius-stoppas-fran-jvm","status":"publish","type":"post","link":"https:\/\/www.europesays.com\/se\/111661\/","title":{"rendered":"Konsta Helenius stoppas fr\u00e5n JVM"},"content":{"rendered":"<p>Publicerad 19 dec 2025 kl 19.11Uppdaterad kl 20.56<\/p>\n<p>Det fanns f\u00f6rhoppningar om finsk stj\u00e4rnf\u00f6rst\u00e4rkning till junior-VM.<\/p>\n<p>S\u00e5 blir det inte.\u00a0<\/p>\n<p>Konsta Helenius stoppas fr\u00e5n att delta.<\/p>\n<p>\u2013 Det skulle varit v\u00e4ldigt bra f\u00f6r Finland om han var med, s\u00e4ger Buffalo Sabres-toppen Jarmo Kek\u00e4l\u00e4inen till <a href=\"https:\/\/yle.fi\/a\/7-10090379\" rel=\"nofollow noopener\" target=\"_blank\">Yle<\/a>.<\/p>\n<p>Fina gesten: V\u00e4nnerna ska ha varandra p\u00e5 hj\u00e4lmen<img   alt=\"\"\/><\/p>\n<p>Konsta Helenius.<\/p>\n<p>Foto: MATHIAS BERGELD \/ BILDBYR\u00c5N<\/p>\n<p>\u00d6ppna bild i helsk\u00e4rm<\/p>\n<p>19-\u00e5ringen valdes 2024 i NHL-draftens f\u00f6rsta runda och anses vara en av landets stora talanger.<\/p>\n<p>F\u00f6r lite mer \u00e4n ett \u00e5r sedan flyttade han \u00e4ven till USA f\u00f6r spel i Rochester Americans d\u00e4r han framf\u00f6r allt i \u00e5r f\u00e5tt fin utdelning med 24 po\u00e4ng p\u00e5 26 matcher.<\/p>\n<p>Med tanke p\u00e5 att han inte f\u00e5tt debutera i NHL \u00e4nnu har fr\u00e5gan om att han skulle g\u00f6ra ett tredje junior-VM funnits. Men s\u00e5 blir det inte, detta d\u00e5 han stoppas av Buffalo Sabres finl\u00e4ndske General Manager.<\/p>\n<p>\u201dV\u00e4ldigt n\u00e4ra en plats i NHL\u201d<\/p>\n<p>Det meddelar Jarmo Kek\u00e4l\u00e4inen under fredagen.<\/p>\n<p>\u2013 Visst skulle det vara v\u00e4ldigt bra f\u00f6r Finland om Konsta var med den h\u00e4r g\u00e5ngen, men han har varit med f\u00f6rr. Med tanke p\u00e5 hans karri\u00e4r \u00e4r det allra viktigaste att han f\u00e5r koncentrera sig p\u00e5 matcherna h\u00e4r, s\u00e4ger han till Yle.<\/p>\n<p>Kek\u00e4l\u00e4inen sv\u00e4nger lite fram och tillbaka kring huruvida Helenius \u00e4r NHL-aktuell p\u00e5 kort eller l\u00e5ng sikt.\u00a0<\/p>\n<p>\u2013 Vi har best\u00e4mt att han ska fokusera p\u00e5 klubben. Han g\u00f6r en v\u00e4ldigt bra s\u00e4song i AHL och \u00e4r v\u00e4ldigt n\u00e4ra en plats i NHL.<\/p>\n<p>Konsta Helenius har ett <a href=\"https:\/\/www.expressen.se\/tagg\/organization\/jvm\/\" class=\"\" rel=\"nofollow noopener\" target=\"_blank\">JVM<\/a>-silver p\u00e5 meritlistan.<\/p>\n","protected":false},"excerpt":{"rendered":"Publicerad 19 dec 2025 kl 19.11Uppdaterad kl 20.56 Det fanns f\u00f6rhoppningar om finsk stj\u00e4rnf\u00f6rst\u00e4rkning till junior-VM. S\u00e5 blir&hellip;\n","protected":false},"author":2,"featured_media":111662,"comment_status":"","ping_status":"","sticky":false,"template":"","format":"standard","meta":{"footnotes":""},"categories":[68],"tags":[5945,34,255,256,111,110,31,33,32,30],"class_list":{"0":"post-111661","1":"post","2":"type-post","3":"status-publish","4":"format-standard","5":"has-post-thumbnail","7":"category-sport","8":"tag-organization-jvm","9":"tag-se","10":"tag-sections-ishockey","11":"tag-sections-nhl","12":"tag-sport","13":"tag-sports","14":"tag-svenska","15":"tag-sverige","16":"tag-sweden","17":"tag-swedish"},"share_on_mastodon":{"url":"https:\/\/pubeurope.com\/@se\/115749492060596894","error":""},"_links":{"self":[{"href":"https:\/\/www.europesays.com\/se\/wp-json\/wp\/v2\/posts\/111661","targetHints":{"allow":["GET"]}}],"collection":[{"href":"https:\/\/www.europesays.com\/se\/wp-json\/wp\/v2\/posts"}],"about":[{"href":"https:\/\/www.europesays.com\/se\/wp-json\/wp\/v2\/types\/post"}],"author":[{"embeddable":true,"href":"https:\/\/www.europesays.com\/se\/wp-json\/wp\/v2\/users\/2"}],"replies":[{"embeddable":true,"href":"https:\/\/www.europesays.com\/se\/wp-json\/wp\/v2\/comments?post=111661"}],"version-history":[{"count":0,"href":"https:\/\/www.europesays.com\/se\/wp-json\/wp\/v2\/posts\/111661\/revisions"}],"wp:featuredmedia":[{"embeddable":true,"href":"https:\/\/www.europesays.com\/se\/wp-json\/wp\/v2\/media\/111662"}],"wp:attachment":[{"href":"https:\/\/www.europesays.com\/se\/wp-json\/wp\/v2\/media?parent=111661"}],"wp:term":[{"taxonomy":"category","embeddable":true,"href":"https:\/\/www.europesays.com\/se\/wp-json\/wp\/v2\/categories?post=111661"},{"taxonomy":"post_tag","embeddable":true,"href":"https:\/\/www.europesays.com\/se\/wp-json\/wp\/v2\/tags?post=111661"}],"curies":[{"name":"wp","href":"https:\/\/api.w.org\/{rel}","templated":true}]}}