{"id":111665,"date":"2025-12-20T02:24:27","date_gmt":"2025-12-20T02:24:27","guid":{"rendered":"https:\/\/www.europesays.com\/se\/111665\/"},"modified":"2025-12-20T02:24:27","modified_gmt":"2025-12-20T02:24:27","slug":"oilers-small-tristan-jarry-skadad-bara-en-vecka-efter-trejden","status":"publish","type":"post","link":"https:\/\/www.europesays.com\/se\/111665\/","title":{"rendered":"Oilers sm\u00e4ll \u2013 Tristan Jarry skadad bara en vecka efter trejden"},"content":{"rendered":"<p><strong>Edmonton Oilers m\u00e5lvaktskris forts\u00e4tter.<br \/>En vecka in i Oilers-sejouren har n\u00e4mligen nye m\u00e5lvakten Tristan Jarry skadat sig.<\/strong><\/p>\n<p><img loading=\"lazy\" decoding=\"async\" width=\"1024\" height=\"717\" src=\"https:\/\/www.europesays.com\/se\/wp-content\/uploads\/2025\/12\/BB251214BB120-1024x717.webp.webp\" alt=\"\" class=\"wp-image-338143\"  \/>Tristan Jarry skadade sig \u2013\u00a0nu blir han borta ett tag.<br \/>\nFoto: Bildbyr\u00e5n<\/p>\n<p><a href=\"https:\/\/hockeysverige.se\/klubb\/demonton-oilers\" rel=\"nofollow noopener\" target=\"_blank\">Edmonton Oilers<\/a> verkar ha n\u00e5gon slags \u201dcurse\u201d n\u00e4r det g\u00e4ller m\u00e5lvakter. N\u00e4r man nu har f\u00f6rlorat tv\u00e5 raka finaler mot <a href=\"https:\/\/hockeysverige.se\/klubb\/florida-panthers\" rel=\"nofollow noopener\" target=\"_blank\">Florida Panthers<\/a> har den bl\u00e4ndande offensiven inte r\u00e4ckt l\u00e5ngt, d\u00e5 man haft problem med s\u00e5v\u00e4l f\u00f6rsvarsspel som m\u00e5lvaktsspel. <\/p>\n<p>Efter en knackig start p\u00e5 <a href=\"https:\/\/hockeysverige.se\/nhl\" rel=\"nofollow noopener\" target=\"_blank\">NHL<\/a>-h\u00f6sten valde man att f\u00f6rs\u00f6ka sig p\u00e5 en f\u00f6rb\u00e4ttring p\u00e5 m\u00e5lvaktsposten, och bytte bort Stuart Skinner till <a href=\"https:\/\/hockeysverige.se\/klubb\/pittsburgh-penguins\" rel=\"nofollow noopener\" target=\"_blank\">Pittsburgh Penguins.<\/a> Ers\u00e4ttaren? Det blev Tristan Jarry.<\/p>\n<p>H\u00e4romdagen fick Jarry jubla n\u00e4r hans Oilers slog just Penguins, men nu f\u00e5r Oilers sk\u00e4l att k\u00e4nna huvudbry.<\/p>\n<p>F\u00f6r i matchen mot <a href=\"https:\/\/hockeysverige.se\/klubb\/boston-bruins\" rel=\"nofollow noopener\" target=\"_blank\">Boston Bruins<\/a> skadade sig Jarry, och nu st\u00e5r det klart att man listar spelaren som en \u201dinjury reserve\u201d. I praktiken inneb\u00e4r det att han inte \u00e4r uttagningsbar under sin skadeperiod, n\u00e5got man anv\u00e4nder f\u00f6r att l\u00e4mna plats i truppen f\u00f6r exempelvis en uppflyttad <a href=\"https:\/\/hockeysverige.se\/ahl\" rel=\"nofollow noopener\" target=\"_blank\">AHL<\/a>-m\u00e5lvakt. Det anv\u00e4nds \u00e4ven f\u00f6r att fria l\u00f6neutrymme, men det sistn\u00e4mnda \u00e4r mer aktuellt i fallet att det blir en s\u00e5 kallad \u201dLTIR\u201d, f\u00f6r l\u00e5ngtidsskador.<\/p>\n<p>Ers\u00e4ttaren i truppen blir Connor Ingram fr\u00e5n AHL.<\/p>\n<p>Kollegan: \u201dS\u00e5g inte bra ut\u201d<\/p>\n<p>Men en s\u00e5dan r\u00f6r det sig inte om i det h\u00e4r fallet.<\/p>\n<p>M\u00e5lvaktskollegan Calvin Pickard fick ers\u00e4tta honom och ber\u00e4ttade efter matchen om sin upplevelse av skadan.<\/p>\n<p>\u2013\u00a0Direkt n\u00e4r han gjorde den r\u00f6relsen m\u00e4rkte jag att det inte s\u00e5g bra ut, s\u00e4ger Pickard till <a href=\"https:\/\/www.sportsnet.ca\/nhl\/article\/oilers-tristan-jarry-has-lower-body-injury-connor-ingram-to-be-called-up\/\" rel=\"nofollow noopener\" target=\"_blank\">Sportsnet<\/a>.<\/p>\n<p>Hur l\u00e4nge Jarry blir borta finns det inga uppgifter p\u00e5 i dag.<\/p>\n<p> Source: <a href=\"https:\/\/www.eliteprospects.com\/player\/88602\/tristan-jarry\" target=\"_blank\" rel=\"noopener noreferrer nofollow\">Tristan Jarry<\/a> @ Elite Prospects<\/p>\n","protected":false},"excerpt":{"rendered":"Edmonton Oilers m\u00e5lvaktskris forts\u00e4tter.En vecka in i Oilers-sejouren har n\u00e4mligen nye m\u00e5lvakten Tristan Jarry skadat sig. Tristan Jarry&hellip;\n","protected":false},"author":2,"featured_media":111666,"comment_status":"","ping_status":"","sticky":false,"template":"","format":"standard","meta":{"footnotes":""},"categories":[68],"tags":[247,34,133,111,110,31,33,32,30],"class_list":{"0":"post-111665","1":"post","2":"type-post","3":"status-publish","4":"format-standard","5":"has-post-thumbnail","7":"category-sport","8":"tag-nhl","9":"tag-se","10":"tag-second-news","11":"tag-sport","12":"tag-sports","13":"tag-svenska","14":"tag-sverige","15":"tag-sweden","16":"tag-swedish"},"share_on_mastodon":{"url":"https:\/\/pubeurope.com\/@se\/115749523625362675","error":""},"_links":{"self":[{"href":"https:\/\/www.europesays.com\/se\/wp-json\/wp\/v2\/posts\/111665","targetHints":{"allow":["GET"]}}],"collection":[{"href":"https:\/\/www.europesays.com\/se\/wp-json\/wp\/v2\/posts"}],"about":[{"href":"https:\/\/www.europesays.com\/se\/wp-json\/wp\/v2\/types\/post"}],"author":[{"embeddable":true,"href":"https:\/\/www.europesays.com\/se\/wp-json\/wp\/v2\/users\/2"}],"replies":[{"embeddable":true,"href":"https:\/\/www.europesays.com\/se\/wp-json\/wp\/v2\/comments?post=111665"}],"version-history":[{"count":0,"href":"https:\/\/www.europesays.com\/se\/wp-json\/wp\/v2\/posts\/111665\/revisions"}],"wp:featuredmedia":[{"embeddable":true,"href":"https:\/\/www.europesays.com\/se\/wp-json\/wp\/v2\/media\/111666"}],"wp:attachment":[{"href":"https:\/\/www.europesays.com\/se\/wp-json\/wp\/v2\/media?parent=111665"}],"wp:term":[{"taxonomy":"category","embeddable":true,"href":"https:\/\/www.europesays.com\/se\/wp-json\/wp\/v2\/categories?post=111665"},{"taxonomy":"post_tag","embeddable":true,"href":"https:\/\/www.europesays.com\/se\/wp-json\/wp\/v2\/tags?post=111665"}],"curies":[{"name":"wp","href":"https:\/\/api.w.org\/{rel}","templated":true}]}}