{"id":111669,"date":"2025-12-20T02:32:20","date_gmt":"2025-12-20T02:32:20","guid":{"rendered":"https:\/\/www.europesays.com\/se\/111669\/"},"modified":"2025-12-20T02:32:20","modified_gmt":"2025-12-20T02:32:20","slug":"svenske-rookien-mitt-i-monstertrejden-sjukt-chockerande","status":"publish","type":"post","link":"https:\/\/www.europesays.com\/se\/111669\/","title":{"rendered":"Svenske rookien mitt i monstertrejden: &#8221;Sjukt chockerande&#8221;"},"content":{"rendered":"<p><strong><a href=\"https:\/\/hockeysverige.se\/spelare\/quinn-hughes\/\" rel=\"nofollow noopener\" target=\"_blank\">Quinn Hughes<\/a> skickades till <a href=\"https:\/\/hockeysverige.se\/klubb\/minnesota-wild\/\" rel=\"nofollow noopener\" target=\"_blank\">Minnesota Wild<\/a> i s\u00e4songens st\u00f6rsta trejd. \u00c5t motsatt h\u00e5ll gick bland annat den svenska rookien <a href=\"https:\/\/hockeysverige.se\/spelare\/liam-ohgren\/\" rel=\"nofollow noopener\" target=\"_blank\">Liam \u00d6hgren<\/a>, som nu allts\u00e5 spelar i <a href=\"https:\/\/hockeysverige.se\/klubb\/vancouver-canucks\/\" rel=\"nofollow noopener\" target=\"_blank\">Vancouver Canucks.<\/a><\/strong><br \/><strong>\u2014  Jag blev s\u00e5klart chockad och kommer n\u00e4stan inte ih\u00e5g vad han sa i det samtalet mer \u00e4n att det var jag, Buium och Rossi som skulle bort, s\u00e4ger 21-\u00e5ringen till Hockeysverige.se.<\/strong><\/p>\n<p><img loading=\"lazy\" decoding=\"async\" width=\"1024\" height=\"658\" src=\"https:\/\/www.europesays.com\/se\/wp-content\/uploads\/2025\/12\/Liam-Ohgren-1-1024x658.webp.webp\" alt=\"\" class=\"wp-image-337984\"  \/>Liam \u00d6hgren trejdades till Vancouver Canucks.<br \/>\nFoto: Bildbyr\u00e5n &amp; Ronnie R\u00f6nnkvist.<\/p>\n<p>Det kallades monstertrejd n\u00e4r <a href=\"https:\/\/hockeysverige.se\/nhl\/quinn-hughes-trejd-vancouver-canucks-minnesota-wild-rossi-buium-ohgren\/\" rel=\"nofollow noopener\" target=\"_blank\">Quinn Hughes l\u00e4mnade Vancouver Canucks f\u00f6r Minnesota<\/a>. I geng\u00e4ld fick Canucks Marco Rossi, Zeev Buium och svenske Liam \u00d6hgren. Det \u00e4r ocks\u00e5 s\u00e5 h\u00e4r l\u00e5ngt vad man kan kalla en lyckad trejd i och med att varken Vancouver eller Minnesota f\u00f6rlorat n\u00e5gra matcher efter bytet, men f\u00f6r Liam \u00d6hgren kom trejden \u00f6verraskande.<\/p>\n<p>\u2014 Det var sjukt chockerande. Vi hade haft match dagen innan och ny match dagen efter. Vi tr\u00e4nade p\u00e5 dagen och sedan kom det h\u00e4r verkligen fr\u00e5n ingenstans ber\u00e4ttar Liam \u00d6hgren som just nu \u00e4r p\u00e5 \u201droadtripp\u201d med Vancouver.<br \/>\u2014 Bill Guerin, Minnesotas GM, ringde mig p\u00e5 kv\u00e4llen och ber\u00e4ttade att jag blivit trejdad till Vancouver. Jag blev s\u00e5klart chockad och kommer n\u00e4stan inte ih\u00e5g vad han sa i det samtalet mer \u00e4n att det var jag, Buium och Rossi som skulle bort.<\/p>\n<p><strong>Hann du reflektera \u00f6ver att det var just till Vancouver som inlett s\u00e4songen v\u00e4ldigt svagt?<br \/><\/strong>\u2014 Jag vet inte riktigt vad jag t\u00e4nkte, men jag var s\u00e5klart f\u00f6rst besviken. Klart att d\u00e5 man blir draftad f\u00f6r ett lag vill man stanna d\u00e4r s\u00e5 l\u00e4nge man kan och f\u00f6rs\u00f6ka vinna med dom.<br \/>\u2014 Nu n\u00e4r jag kommit hit till laget, tr\u00e4ffat grabbarna, management och allt s\u00e5dant k\u00e4nns det v\u00e4ldigt bra, s\u00e5 jag \u00e4r glad \u00f6ver att vara i Vancouver.<\/p>\n<p>Liam \u00d6hgren till Vancouver Canucks: \u201dGrabbarna har varit grymma\u201d<\/p>\n<p>Liam \u00d6hgren ser ocks\u00e5 tillbaka p\u00e5 tiden i Minnesota som en bra och utvecklande tid.\u00a0<\/p>\n<p>\u2014 Den har varit grym. Jag har gillat det mesta, staden, grabbarna i laget har varit grymma, \u201dstaff\u201d och allt runtomkring har varit riktigt bra.<br \/>\u2014 Det har s\u00e5klart varit tufft att \u00e5ka upp och ner mellan AHL och NHL, s\u00e5 det har varit m\u00e5nga utmaningar, men d\u00e5 jag varit i Minnesota har det verkligen varit toppklass och organisationen har tagit hand om mig v\u00e4ldigt bra.<br \/>\u2014 Jag \u00e4r glad f\u00f6r min tid d\u00e4r, men nu \u00e4r jag v\u00e4ldigt nyfiken och exalterad p\u00e5 vad som kommer h\u00e4r nu med Vancouver.<\/p>\n<p><strong>Hur ser du p\u00e5 den utveckling du f\u00e5tt som hockeyspelare under din tid i Minnesota?<br \/><\/strong>\u2014 Jag tycker att jag utvecklats v\u00e4ldigt mycket p\u00e5 m\u00e5nga olika s\u00e4tt. Framf\u00f6r allt har mitt defensiva spel blivit mycket b\u00e4ttre.<br \/>\u2014 L\u00e4rt mig spela en defensiv hockey i NHL och jag tycker att alla matcher jag f\u00e5tt varit utvecklande p\u00e5 alla niv\u00e5er. Som jag sa har jag verkligen uppskattat tiden i Minnesota.<\/p>\n<p><img loading=\"lazy\" decoding=\"async\" width=\"1024\" height=\"658\" src=\"https:\/\/www.europesays.com\/se\/wp-content\/uploads\/2025\/12\/Liam-Ohgren-1024x658.webp.webp\" alt=\"\" class=\"wp-image-337266\" style=\"width:1097px;height:auto\"  \/>Liam \u00d6hgren efter att ha gjort f\u00f6rsta m\u00e5let i Vancouver Canucks.<br \/><strong>Foto:<\/strong> AP Photo\/Yuki Iwamura.<\/p>\n<p>Nu v\u00e4ntar allts\u00e5 spel med Vancouver, n\u00e5got Liam \u00d6hgren s\u00e5 h\u00e4r l\u00e5ngt har uppskattat.<\/p>\n<p>\u2014 Det har varit bra. Grabbarna har varit grymma och det \u00e4r sk\u00f6nt med m\u00e5nga svenskar i laget och som tagit hand om mig p\u00e5 en g\u00e5ng.<br \/>\u2014 Sk\u00f6nt ocks\u00e5 att jag fick med mig Marco Rossi och Zeev Buium som jag k\u00e4nner v\u00e4ldigt bra sedan tidigare, s\u00e5 det har \u00e4nd\u00e5 varit l\u00e4tt att st\u00e4lla om.<\/p>\n<p>M\u00e5nga svenskar i Vancouver<\/p>\n<p>Givetvis har det ocks\u00e5 varit en trygghet f\u00f6r honom att ha haft flera svenskar i b\u00e5da laget och h\u00f6gst upp i ledningen.<\/p>\n<p>\u2014 Ja, verkligen. Vissa k\u00e4nde jag sedan tidigare. Sedan f\u00e5r jag prata mitt egna spr\u00e5k, vilket hj\u00e4lper v\u00e4ldigt mycket. Det blir som en extra trygghet.<\/p>\n<p><img loading=\"lazy\" decoding=\"async\" width=\"1024\" height=\"658\" src=\"https:\/\/www.europesays.com\/se\/wp-content\/uploads\/2025\/12\/Rossi-Buium-Ohgren-Canucks-1024x658.webp.webp\" alt=\"\" class=\"wp-image-336027\"  \/>Marco Rossi, Zeev Buium och Liam \u00d6hgren gick till Vancouver Canucks i den stora Quinn Hughes-aff\u00e4ren. <br \/>Foto: Bildbyr\u00e5n\/Imagn Images<\/p>\n<p>Redan i <a href=\"https:\/\/hockeysverige.se\/nhl\/liam-ohgren-forsta-mal-i-vancouver-canucks\/\" rel=\"nofollow noopener\" target=\"_blank\">andra matchen f\u00f6r sitt nya lag kom Liam \u00d6hgrens f\u00f6rsta m\u00e5l.<\/a><\/p>\n<p>\u2014 Det var faktiskt riktigt sk\u00f6nt att den kom ganska snabbt efter trejden. Jag har gnuggat h\u00e5rt f\u00f6r det hela s\u00e4songen.<\/p>\n<p>\u201dVi har blivit v\u00e4lkomnade\u201d<\/p>\n<p><strong>Vilken niv\u00e5 skulle du s\u00e4ga att det h\u00e4r laget, som ligger sista i hela NHL, h\u00e5ller?<br \/><\/strong>\u2014 Det \u00e4r v\u00e4ldigt annorlunda. Lagen ligger p\u00e5 tv\u00e5 olika st\u00e4llen i tabellen. Just matcherna jag spelat har k\u00e4nts v\u00e4ldigt bra. K\u00e4nslan \u00e4r att vi har ett bra lag.<br \/>\u2014 Stora skillnad \u00e4r att vi \u00e4r ganska mycket yngre i Vancouver \u00e4n vad Minnesota \u00e4r. Det \u00e4r ett sp\u00e4nnande lag och vi har vunnit tv\u00e5 av tv\u00e5 matcher sedan vi kom hit, s\u00e5 det k\u00e4nns bra.<\/p>\n<p><strong>Hur var st\u00e4mningen i gruppen d\u00e5 du kom till Vancouver med tanke p\u00e5 lagets inledning av s\u00e4songen?<\/strong><br \/>\u2014 Jag vet inte s\u00e5 mycket annat \u00e4n Minnesota s\u00e5 det \u00e4r sv\u00e5rt att s\u00e4ga exakt hur det ska vara, men st\u00e4mningen \u00e4r bra, grabbarna sk\u00f6na och vi har blivit v\u00e4lkomnade v\u00e4ldigt bra s\u00e5 jag \u00e4r n\u00f6jd \u00e4n s\u00e5 l\u00e4nge.<\/p>\n<p><strong>N\u00e4r f\u00e5r du flytta till din nya hemstad, Vancouver?<br \/><\/strong>\u2014 (Skratt). En bra fr\u00e5ga. Vi \u00e4r p\u00e5 roadtrip i New York nu och fram till 22:a. Den 23:e \u00e5ker jag tillbaka till Minnesota och h\u00e4mtar upp en massa grejer vi har kvar d\u00e4r.<br \/>\u2014 Sedan g\u00e5r flyget till Vancouver den 25:e och d\u00e5 tror jag att det blir hotell i b\u00f6rjan, avslutar Liam \u00d6hgren.<\/p>\n<p> Source: <a href=\"https:\/\/www.eliteprospects.com\/player\/535698\/liam-ohgren\" target=\"_blank\" rel=\"noopener noreferrer nofollow\">Liam \u00d6hgren<\/a> @ Elite Prospects<\/p>\n","protected":false},"excerpt":{"rendered":"Quinn Hughes skickades till Minnesota Wild i s\u00e4songens st\u00f6rsta trejd. \u00c5t motsatt h\u00e5ll gick bland annat den svenska&hellip;\n","protected":false},"author":2,"featured_media":111670,"comment_status":"","ping_status":"","sticky":false,"template":"","format":"standard","meta":{"footnotes":""},"categories":[68],"tags":[247,34,133,111,110,31,33,32,30],"class_list":{"0":"post-111669","1":"post","2":"type-post","3":"status-publish","4":"format-standard","5":"has-post-thumbnail","7":"category-sport","8":"tag-nhl","9":"tag-se","10":"tag-second-news","11":"tag-sport","12":"tag-sports","13":"tag-svenska","14":"tag-sverige","15":"tag-sweden","16":"tag-swedish"},"share_on_mastodon":{"url":"https:\/\/pubeurope.com\/@se\/115749555195938417","error":""},"_links":{"self":[{"href":"https:\/\/www.europesays.com\/se\/wp-json\/wp\/v2\/posts\/111669","targetHints":{"allow":["GET"]}}],"collection":[{"href":"https:\/\/www.europesays.com\/se\/wp-json\/wp\/v2\/posts"}],"about":[{"href":"https:\/\/www.europesays.com\/se\/wp-json\/wp\/v2\/types\/post"}],"author":[{"embeddable":true,"href":"https:\/\/www.europesays.com\/se\/wp-json\/wp\/v2\/users\/2"}],"replies":[{"embeddable":true,"href":"https:\/\/www.europesays.com\/se\/wp-json\/wp\/v2\/comments?post=111669"}],"version-history":[{"count":0,"href":"https:\/\/www.europesays.com\/se\/wp-json\/wp\/v2\/posts\/111669\/revisions"}],"wp:featuredmedia":[{"embeddable":true,"href":"https:\/\/www.europesays.com\/se\/wp-json\/wp\/v2\/media\/111670"}],"wp:attachment":[{"href":"https:\/\/www.europesays.com\/se\/wp-json\/wp\/v2\/media?parent=111669"}],"wp:term":[{"taxonomy":"category","embeddable":true,"href":"https:\/\/www.europesays.com\/se\/wp-json\/wp\/v2\/categories?post=111669"},{"taxonomy":"post_tag","embeddable":true,"href":"https:\/\/www.europesays.com\/se\/wp-json\/wp\/v2\/tags?post=111669"}],"curies":[{"name":"wp","href":"https:\/\/api.w.org\/{rel}","templated":true}]}}