{"id":111674,"date":"2025-12-20T02:46:16","date_gmt":"2025-12-20T02:46:16","guid":{"rendered":"https:\/\/www.europesays.com\/se\/111674\/"},"modified":"2025-12-20T02:46:16","modified_gmt":"2025-12-20T02:46:16","slug":"chrippa-doms-till-fangelse-life-is-life-vasterbottens-kuriren","status":"publish","type":"post","link":"https:\/\/www.europesays.com\/se\/111674\/","title":{"rendered":"\u201dChrippa\u201d d\u00f6ms till f\u00e4ngelse \u2013 \u201dlife is life&quot; &#8211; V\u00e4sterbottens-Kuriren"},"content":{"rendered":"<ol>\n<li><a href=\"https:\/\/news.google.com\/rss\/articles\/CBMif0FVX3lxTE9LMDQyZkk5Y181a3dTR1IxV3BWWkNrMEloeU5tR08tZ0RMV1BDWTFyTmpKRGZyeW9wZDdSNUJPOW9HeENZY1FMclZjcGxXWE5ZVXZuYnRqenlZTFNQU2Z1cmNBRHlwaGFCRW5DWVBlZmpnX2dudU1ZSkstZnBsNDA?oc=5\" target=\"_blank\" rel=\"nofollow noopener\">\u201dChrippa\u201d d\u00f6ms till f\u00e4ngelse \u2013 \u201dlife is life&#8221;<\/a>&nbsp;&nbsp;V\u00e4sterbottens-Kuriren<\/li>\n<li><a href=\"https:\/\/news.google.com\/rss\/articles\/CBMimwFBVV95cUxONjc4OVNRZkF0RFZ5ck4zV2ZwaThPZ2lYa1liUzRSb1MzRnVwUzlaNnpXZTdOYUJIOURBZXJWWFMxSVc0QzFxbFZUa3lTVE9EQ1FZMUNyRDJ6TGt1aVd1ZnRyQXBzaUVVRFFLTUxjOEd5VXRMZEc4TnNZV0tCT2c3eXliUllhYVZIWGxuekxZeTNYeTRYcmpVbFFrdw?oc=5\" target=\"_blank\" rel=\"nofollow noopener\">Christofer \u201dChrippa\u201d Lundstr\u00f6m d\u00f6ms till f\u00e4ngelse<\/a>&nbsp;&nbsp;Aftonbladet<\/li>\n<li><a href=\"https:\/\/news.google.com\/rss\/articles\/CBMimwFBVV95cUxQWVY2SmVHM3daWDZqdHl2SDl3cmFVV3ZfQkN0WjlkQ2NYN2VaZERncWhKVXBxVGgzUHRGbkR2dXQxWkhWMG1EX3AtZkJCWVRUa1l3ZklsaWhUbGVYcEE1b1JXd1J6dl9DNHR4LTNOQnhpVmRFOGJFTzl0VjFoTHRfcEZLYUcxNTA3Z1phU25EM0tUNUVZR3A0XzlSOA?oc=5\" target=\"_blank\" rel=\"nofollow noopener\">Influencern \u201dChrippa\u201d d\u00f6ms till f\u00e4ngelse f\u00f6r grova ekobrott<\/a>&nbsp;&nbsp;SVT Nyheter<\/li>\n<li><a href=\"https:\/\/news.google.com\/rss\/articles\/CBMitwFBVV95cUxQNmU3a2tvYnV5cGQxSi16T3JqYXVTYTdMNWFjV25yRW16cHlZOXFxUXJuQ3JTWno1X1VKLTRKRE5sRjVWZmlueWlqYkRIVUhzS0xFQzZReTVJLVdwcjVESmdrMFZyY25lZzdscDQ0QUdLc2JKbENDNEN6Q2t5bHpMd3ZZaVo4NEhaUEpjMFdOSUU0VlBOVHNMR21PR0Z1TVJMMmJYYmFBMXZMY1dBSm5XTkJHMUxwWEE?oc=5\" target=\"_blank\" rel=\"nofollow noopener\">\u201dChrippa\u201d d\u00f6ms f\u00f6r flera grova ekobrott \u2013 s\u00e5 blir straffet<\/a>&nbsp;&nbsp;GP<\/li>\n<li><a href=\"https:\/\/news.google.com\/rss\/articles\/CBMihgFBVV95cUxQbWdBalNwMlhvSW1oRUpyWVB0VVlfWVM4MjVidHZaTXhDT3J2dV9hS3FCY3NScHZlRzJic01Kek9UNDZ5aW9HbFdFN1Q2S2d5ZjlSYV92WXF6Y01rWkVTXzRYNTE4eHZjMVk4czhVOE5oLUFMcm12SmhVTm1vdjlocXJnQ0pBZw?oc=5\" target=\"_blank\" rel=\"nofollow noopener\">Hovr\u00e4tten kan sk\u00e4rpa straffet<\/a>&nbsp;&nbsp;SvD<\/li>\n<\/ol>\n","protected":false},"excerpt":{"rendered":"\u201dChrippa\u201d d\u00f6ms till f\u00e4ngelse \u2013 \u201dlife is life&#8221;&nbsp;&nbsp;V\u00e4sterbottens-Kuriren Christofer \u201dChrippa\u201d Lundstr\u00f6m d\u00f6ms till f\u00e4ngelse&nbsp;&nbsp;Aftonbladet Influencern \u201dChrippa\u201d d\u00f6ms till&hellip;\n","protected":false},"author":2,"featured_media":111675,"comment_status":"","ping_status":"","sticky":false,"template":"","format":"standard","meta":{"footnotes":""},"categories":[5],"tags":[22,23,26,27,17,21,24,25,28,29,15,16,18,34,31,33,32,30,19,20],"class_list":{"0":"post-111674","1":"post","2":"type-post","3":"status-publish","4":"format-standard","5":"has-post-thumbnail","7":"category-rubriker","8":"tag-breaking-news","9":"tag-breakingnews","10":"tag-featured-news","11":"tag-featurednews","12":"tag-headlines","13":"tag-huvudnyheter","14":"tag-latest-news","15":"tag-latestnews","16":"tag-main-news","17":"tag-mainnews","18":"tag-news","19":"tag-nyheter","20":"tag-rubriker","21":"tag-se","22":"tag-svenska","23":"tag-sverige","24":"tag-sweden","25":"tag-swedish","26":"tag-top-stories","27":"tag-topstories"},"share_on_mastodon":{"url":"https:\/\/pubeurope.com\/@se\/115749609950921065","error":""},"_links":{"self":[{"href":"https:\/\/www.europesays.com\/se\/wp-json\/wp\/v2\/posts\/111674","targetHints":{"allow":["GET"]}}],"collection":[{"href":"https:\/\/www.europesays.com\/se\/wp-json\/wp\/v2\/posts"}],"about":[{"href":"https:\/\/www.europesays.com\/se\/wp-json\/wp\/v2\/types\/post"}],"author":[{"embeddable":true,"href":"https:\/\/www.europesays.com\/se\/wp-json\/wp\/v2\/users\/2"}],"replies":[{"embeddable":true,"href":"https:\/\/www.europesays.com\/se\/wp-json\/wp\/v2\/comments?post=111674"}],"version-history":[{"count":0,"href":"https:\/\/www.europesays.com\/se\/wp-json\/wp\/v2\/posts\/111674\/revisions"}],"wp:featuredmedia":[{"embeddable":true,"href":"https:\/\/www.europesays.com\/se\/wp-json\/wp\/v2\/media\/111675"}],"wp:attachment":[{"href":"https:\/\/www.europesays.com\/se\/wp-json\/wp\/v2\/media?parent=111674"}],"wp:term":[{"taxonomy":"category","embeddable":true,"href":"https:\/\/www.europesays.com\/se\/wp-json\/wp\/v2\/categories?post=111674"},{"taxonomy":"post_tag","embeddable":true,"href":"https:\/\/www.europesays.com\/se\/wp-json\/wp\/v2\/tags?post=111674"}],"curies":[{"name":"wp","href":"https:\/\/api.w.org\/{rel}","templated":true}]}}