{"id":111680,"date":"2025-12-20T02:53:10","date_gmt":"2025-12-20T02:53:10","guid":{"rendered":"https:\/\/www.europesays.com\/se\/111680\/"},"modified":"2025-12-20T02:53:10","modified_gmt":"2025-12-20T02:53:10","slug":"hundmat-stoppas-giftig-potatis","status":"publish","type":"post","link":"https:\/\/www.europesays.com\/se\/111680\/","title":{"rendered":"Hundmat stoppas \u2013 giftig potatis"},"content":{"rendered":"<p class=\"boxtextgrotesk-root_baa6 hyperion-css-7pajle\">Publicerad 2025-12-19 15.58<\/p>\n<p>share-arrowDela<\/p>\n<p>unsaveSpara<\/p>\n<p>expand-left<\/p>\n<p>helsk\u00e4rm<img decoding=\"async\" class=\"image-asset hyperion-css-u06ts1\" data-test-tag=\"image-asset\" src=\"https:\/\/www.europesays.com\/se\/wp-content\/uploads\/2025\/12\/49e720b7-cfec-4dec-a217-6f3f9f465083\"  alt=\"Som en f\u00f6rsiktighets\u00e5tg\u00e4rd v\u00e4ljer f\u00f6retaget att stoppa f\u00f6rs\u00e4ljningen av det aktuella partiet. Arkivbild.\"  loading=\"eager\" fetchpriority=\"high\" style=\"aspect-ratio:1900 \/ 1264\"\/>Som en f\u00f6rsiktighets\u00e5tg\u00e4rd v\u00e4ljer f\u00f6retaget att stoppa f\u00f6rs\u00e4ljningen av det aktuella partiet. Arkivbild. Foto: Leif R Jansson\/TT<\/p>\n<p class=\"hyperion-css-1shl3oz\" data-test-tag=\"lead-text\">F\u00f6rs\u00e4ljning av hundmaten Petgood complete adult dog stoppas av tillverkaren, rapporterar R\u00e5d &amp; R\u00f6n.<\/p>\n<p class=\"hyperion-css-1v9qo5x\">Anledningen \u00e4r att tidningen vid ett p\u00e5g\u00e5ende test hittat h\u00f6ga halter av giftiga \u00e4mnen som kan bildas naturligt i potatis, som \u00e4r en av ingredienserna i fodret.<\/p>\n<p class=\"hyperion-css-1v9qo5x\">Petgood skriver i en kommentar till R\u00e5d &amp; R\u00f6n att resultatet skiljer sig mycket fr\u00e5n f\u00f6retagets egna m\u00e4tningar, men att en utredning tills\u00e4tts och att ett oberoende labb ska genomf\u00f6ra nya tester.<\/p>\n<p class=\"hyperion-css-1v9qo5x\">Som en f\u00f6rsiktighets\u00e5tg\u00e4rd v\u00e4ljer f\u00f6retaget att stoppa f\u00f6rs\u00e4ljningen av det aktuella partiet, som g\u00e4ller p\u00e5sar m\u00e4rkta med b\u00e4st f\u00f6re-datumet juli 2026.<\/p>\n","protected":false},"excerpt":{"rendered":"Publicerad 2025-12-19 15.58 share-arrowDela unsaveSpara expand-left helsk\u00e4rmSom en f\u00f6rsiktighets\u00e5tg\u00e4rd v\u00e4ljer f\u00f6retaget att stoppa f\u00f6rs\u00e4ljningen av det aktuella partiet.&hellip;\n","protected":false},"author":2,"featured_media":111681,"comment_status":"","ping_status":"","sticky":false,"template":"","format":"standard","meta":{"footnotes":""},"categories":[12],"tags":[22,23,26,27,17,21,24,25,28,29,15,16,18,34,31,33,32,30,19,20],"class_list":{"0":"post-111680","1":"post","2":"type-post","3":"status-publish","4":"format-standard","5":"has-post-thumbnail","7":"category-sverige","8":"tag-breaking-news","9":"tag-breakingnews","10":"tag-featured-news","11":"tag-featurednews","12":"tag-headlines","13":"tag-huvudnyheter","14":"tag-latest-news","15":"tag-latestnews","16":"tag-main-news","17":"tag-mainnews","18":"tag-news","19":"tag-nyheter","20":"tag-rubriker","21":"tag-se","22":"tag-svenska","23":"tag-sverige","24":"tag-sweden","25":"tag-swedish","26":"tag-top-stories","27":"tag-topstories"},"share_on_mastodon":{"url":"https:\/\/pubeurope.com\/@se\/115749637679612858","error":""},"_links":{"self":[{"href":"https:\/\/www.europesays.com\/se\/wp-json\/wp\/v2\/posts\/111680","targetHints":{"allow":["GET"]}}],"collection":[{"href":"https:\/\/www.europesays.com\/se\/wp-json\/wp\/v2\/posts"}],"about":[{"href":"https:\/\/www.europesays.com\/se\/wp-json\/wp\/v2\/types\/post"}],"author":[{"embeddable":true,"href":"https:\/\/www.europesays.com\/se\/wp-json\/wp\/v2\/users\/2"}],"replies":[{"embeddable":true,"href":"https:\/\/www.europesays.com\/se\/wp-json\/wp\/v2\/comments?post=111680"}],"version-history":[{"count":0,"href":"https:\/\/www.europesays.com\/se\/wp-json\/wp\/v2\/posts\/111680\/revisions"}],"wp:featuredmedia":[{"embeddable":true,"href":"https:\/\/www.europesays.com\/se\/wp-json\/wp\/v2\/media\/111681"}],"wp:attachment":[{"href":"https:\/\/www.europesays.com\/se\/wp-json\/wp\/v2\/media?parent=111680"}],"wp:term":[{"taxonomy":"category","embeddable":true,"href":"https:\/\/www.europesays.com\/se\/wp-json\/wp\/v2\/categories?post=111680"},{"taxonomy":"post_tag","embeddable":true,"href":"https:\/\/www.europesays.com\/se\/wp-json\/wp\/v2\/tags?post=111680"}],"curies":[{"name":"wp","href":"https:\/\/api.w.org\/{rel}","templated":true}]}}