{"id":111687,"date":"2025-12-20T03:09:15","date_gmt":"2025-12-20T03:09:15","guid":{"rendered":"https:\/\/www.europesays.com\/se\/111687\/"},"modified":"2025-12-20T03:09:15","modified_gmt":"2025-12-20T03:09:15","slug":"taget-hem-till-familjen-i-jul-ska-inte-vara-en-lyx","status":"publish","type":"post","link":"https:\/\/www.europesays.com\/se\/111687\/","title":{"rendered":"T\u00e5get hem till familjen i jul ska inte vara en lyx"},"content":{"rendered":"<p>Decemberm\u00f6rkret l\u00e4gger sig \u00e5terigen \u00f6ver Sverige. I f\u00f6nstren lyser adventsljusstakar, granar inhandlas och kl\u00e4s inf\u00f6r att sl\u00e4kten ska samlas. M\u00e5nga i landet ska p\u00e5 n\u00e5got s\u00e4tt resa hem till jul f\u00f6r att tr\u00e4ffa n\u00e4ra och k\u00e4ra. D\u00e5 \u00e4r det helt orimligt att t\u00e5gbiljetterna \u00e4r s\u00e5 hutl\u00f6st dyra. Alla ska ha r\u00e5d att \u00e5ka hem och fira jul.\u00a0<\/p>\n<p>N\u00e4r andra l\u00e4nder i Europa st\u00e4ller om f\u00f6r klimatet och g\u00f6r det l\u00e4ttare och billigare f\u00f6r vanligt folk att ta t\u00e5get agerar Tid\u00f6-regeringen som en dyr bromskloss f\u00f6r t\u00e5gen i Sverige. M\u00f6jligheten till billiga t\u00e5gresor till platser och personer du tycker om raseras av Tid\u00f6-regeringen. Sverige har en j\u00e4rnv\u00e4g som inte fungerar. Sp\u00e5ren \u00e4r slitna, ledningsstolpar och kontaktledningar beh\u00f6ver rustas upp. Med nuvarande takt p\u00e5 upprustningen skulle arbetet ta 350 \u00e5r. I den takten \u00e4r det f\u00f6rst julen \u00e5r 2375 som t\u00e5gen ber\u00e4knas g\u00e5 i tid.\u00a0<\/p>\n<p><b>Tid\u00f6-partierna har med all tydlighet <\/b>visat att t\u00e5gen och j\u00e4rnv\u00e4gen inte \u00e4r prio. Ett av de f\u00f6rsta besluten som Tid\u00f6-partierna fattade efter valet 2022 var att skrota planerna p\u00e5 nya stambanor f\u00f6r h\u00f6ghastighetst\u00e5g. Beslutet resulterade i att Sverige gick miste om m\u00e5ngmiljardst\u00f6d fr\u00e5n EU. Dessutom l\u00e4ggs natt\u00e5gstrafiken ner mellan G\u00f6teborg, Ume\u00e5, \u00d6resund och Duved och ut p\u00e5 kontinenten. Tid\u00f6-partierna har kort och gott gjort allt f\u00f6r att f\u00f6rsv\u00e5ra t\u00e5gresandet och h\u00e5ller i st\u00e4llet flygindustrin under armarna. I budgeten f\u00f6r 2024 lade Tid\u00f6-partierna till mer pengar till flygplatser \u00e4n till l\u00e4rare.\u00a0<\/p>\n<blockquote><p>Tur och retur mellan Sala och Malm\u00f6 g\u00e5r p\u00e5 cirka 3 000 kronor, fram och tillbaka fr\u00e5n V\u00e4xj\u00f6 till \u00d6stersund kostar omkring 4 000 kronor. Det \u00e4r f\u00f6rst\u00e5s helt orimligt.\u00a0<\/p><\/blockquote>\n<p>I vardagen k\u00e4mpar vanligt folk med h\u00f6gre priser p\u00e5 mat, el och hyra. Till detta l\u00e4ggs en t\u00e5gbiljett hem till familjen som f\u00f6r m\u00e5nga br\u00e4nner i fickan. H\u00e4r kommer n\u00e5gra exempel p\u00e5 hur priserna ser ut p\u00e5 SJ:s hemsida: Tur och retur mellan Sala och Malm\u00f6 g\u00e5r p\u00e5 cirka 3 000 kronor, fram och tillbaka fr\u00e5n V\u00e4xj\u00f6 till \u00d6stersund kostar omkring 4 000 kronor. Det \u00e4r f\u00f6rst\u00e5s helt orimligt.\u00a0<\/p>\n<p><b>V\u00e4nsterpartiet har ett svar <\/b>p\u00e5 de h\u00f6ga priserna. Vi kallar det f\u00f6r Sverigebiljetten, som ska g\u00e4lla f\u00f6r alla regionalresor i landet. Tyskland har redan sin variant som kallas Tysklandbiljetten, d\u00e4r t\u00e5gresen\u00e4rer kan \u00e5ka genom Tyskland f\u00f6r motsvarande 600 kronor i m\u00e5naden. Nyligen kom nyheten att Norge utreder m\u00f6jligheten att inf\u00f6ra ett fast pris p\u00e5 499 norska kronor per m\u00e5nad f\u00f6r all regional t\u00e5gtrafik.\u00a0<\/p>\n<p>Dr\u00f6mmen om att resa med t\u00e5g i Sverige har p\u00e5 m\u00e5nga s\u00e4tt aldrig k\u00e4nts l\u00e4ngre bort \u00e4n med Tid\u00f6-regeringens politik. Samtidigt \u00e4r dr\u00f6mmen bara ett val bort. I september n\u00e4sta \u00e5r \u00e4r det dags att g\u00e5 till valurnorna och visa hur m\u00e5nga vi \u00e4r som tycker att det \u00e4r en sj\u00e4lvklarhet att det ska vara billigt och enkelt att \u00e5ka t\u00e5g i Sverige. P\u00e5 andra sidan st\u00e5r Tid\u00f6-partierna, med en infrastrukturpolitik som fortfarande betraktar h\u00f6ghastighetst\u00e5g som \u201dscience-fiction\u201d. F\u00f6r h\u00f6gern \u00e4r den gr\u00f6na omst\u00e4llningen om\u00f6jlig, f\u00f6r dem \u00e4r allt f\u00f6r dyrt. Vi vill ist\u00e4llet ha en politik som v\u00e5gar tro och arbeta f\u00f6r ett b\u00e4ttre samh\u00e4lle. Vi l\u00e4ngtar tills du kan f\u00f6rverkliga resorna du dr\u00f6mmer om, i Sverige och ut i Europa.<\/p>\n","protected":false},"excerpt":{"rendered":"Decemberm\u00f6rkret l\u00e4gger sig \u00e5terigen \u00f6ver Sverige. I f\u00f6nstren lyser adventsljusstakar, granar inhandlas och kl\u00e4s inf\u00f6r att sl\u00e4kten ska&hellip;\n","protected":false},"author":2,"featured_media":111688,"comment_status":"","ping_status":"","sticky":false,"template":"","format":"standard","meta":{"footnotes":""},"categories":[12],"tags":[22,23,26,27,17,21,24,25,28,29,15,16,18,34,31,33,32,30,19,20],"class_list":{"0":"post-111687","1":"post","2":"type-post","3":"status-publish","4":"format-standard","5":"has-post-thumbnail","7":"category-sverige","8":"tag-breaking-news","9":"tag-breakingnews","10":"tag-featured-news","11":"tag-featurednews","12":"tag-headlines","13":"tag-huvudnyheter","14":"tag-latest-news","15":"tag-latestnews","16":"tag-main-news","17":"tag-mainnews","18":"tag-news","19":"tag-nyheter","20":"tag-rubriker","21":"tag-se","22":"tag-svenska","23":"tag-sverige","24":"tag-sweden","25":"tag-swedish","26":"tag-top-stories","27":"tag-topstories"},"share_on_mastodon":{"url":"https:\/\/pubeurope.com\/@se\/115749700425184721","error":""},"_links":{"self":[{"href":"https:\/\/www.europesays.com\/se\/wp-json\/wp\/v2\/posts\/111687","targetHints":{"allow":["GET"]}}],"collection":[{"href":"https:\/\/www.europesays.com\/se\/wp-json\/wp\/v2\/posts"}],"about":[{"href":"https:\/\/www.europesays.com\/se\/wp-json\/wp\/v2\/types\/post"}],"author":[{"embeddable":true,"href":"https:\/\/www.europesays.com\/se\/wp-json\/wp\/v2\/users\/2"}],"replies":[{"embeddable":true,"href":"https:\/\/www.europesays.com\/se\/wp-json\/wp\/v2\/comments?post=111687"}],"version-history":[{"count":0,"href":"https:\/\/www.europesays.com\/se\/wp-json\/wp\/v2\/posts\/111687\/revisions"}],"wp:featuredmedia":[{"embeddable":true,"href":"https:\/\/www.europesays.com\/se\/wp-json\/wp\/v2\/media\/111688"}],"wp:attachment":[{"href":"https:\/\/www.europesays.com\/se\/wp-json\/wp\/v2\/media?parent=111687"}],"wp:term":[{"taxonomy":"category","embeddable":true,"href":"https:\/\/www.europesays.com\/se\/wp-json\/wp\/v2\/categories?post=111687"},{"taxonomy":"post_tag","embeddable":true,"href":"https:\/\/www.europesays.com\/se\/wp-json\/wp\/v2\/tags?post=111687"}],"curies":[{"name":"wp","href":"https:\/\/api.w.org\/{rel}","templated":true}]}}