{"id":111691,"date":"2025-12-20T03:17:20","date_gmt":"2025-12-20T03:17:20","guid":{"rendered":"https:\/\/www.europesays.com\/se\/111691\/"},"modified":"2025-12-20T03:17:20","modified_gmt":"2025-12-20T03:17:20","slug":"kommentar-med-anledning-av-film-som-sprids-av-byggnads","status":"publish","type":"post","link":"https:\/\/www.europesays.com\/se\/111691\/","title":{"rendered":"Kommentar med anledning av film som sprids av Byggnads"},"content":{"rendered":"<p>              <img width=\"2560\" height=\"1707\" src=\"https:\/\/www.europesays.com\/se\/wp-content\/uploads\/2025\/12\/3_2_ABF_debatt-scaled.jpg\" class=\"attachment-large size-large wp-post-image\" alt=\"\" decoding=\"async\" fetchpriority=\"high\"  \/>                                      Debatt i ABF-huset.<\/p>\n<p>Argumenten som Byggf\u00f6retagen f\u00f6rde fram mot en lagstiftning var f\u00f6ljande:<\/p>\n<ul class=\"wp-block-list\">\n<li>Det kr\u00e4vs \u00f6kad kontroll i alla led.<\/li>\n<li>Det beh\u00f6vs mer tillg\u00e5ng till digitalt informationsutbyte mellan olika myndigheter f\u00f6r att bek\u00e4mpa arbetslivskriminalitet p\u00e5 ett seri\u00f6st s\u00e4tt.<\/li>\n<li>Det st\u00e5r varje enskilt f\u00f6retag fritt att v\u00e4lja sin aff\u00e4rsmodell n\u00e4r det kommer till begr\u00e4nsningar av leverant\u00f6rsleden.<\/li>\n<\/ul>\n<p>Den svenska modellen bygger p\u00e5 partssamverkan mellan arbetsgivare och arbetstagare. Byggf\u00f6retagen har ett ansvar mot v\u00e5ra medlemsf\u00f6retag, inte minst sm\u00e5- och medelstora entrepren\u00f6rer, att visa hur deras m\u00f6jligheter att konkurrera med specialistkompetens skulle f\u00f6rsv\u00e5ras med en lagstiftning.<\/p>\n<p>I seminariet, som modererades av <strong>Marcus Carlbrand<\/strong>, ansvarig f\u00f6r utrednings- och p\u00e5verkansarbete p\u00e5 Byggnads, medverkade ut\u00f6ver Mats \u00c5kerlind:<\/p>\n<p><strong>Kim S\u00f6derstr\u00f6m<\/strong>,<\/p>\n<p>f\u00f6rbundsordf\u00f6rande Byggnads<\/p>\n<p><strong>Johan Danielsson (S)<\/strong><\/p>\n<p>Europaparlamentariker<\/p>\n<p>\u00a0<strong>Lennart Weiss<\/strong><\/p>\n<p>fri socialdemokratisk debatt\u00f6r och konsult inom A-krimgruppen<\/p>\n<p><a href=\"https:\/\/www.youtube.com\/watch?v=95G8AhBa4JI\" rel=\"nofollow noopener\" target=\"_blank\">H\u00e4r kan ni se seminariet i sin helhet <\/a><\/p>\n","protected":false},"excerpt":{"rendered":"Debatt i ABF-huset. Argumenten som Byggf\u00f6retagen f\u00f6rde fram mot en lagstiftning var f\u00f6ljande: Det kr\u00e4vs \u00f6kad kontroll i&hellip;\n","protected":false},"author":2,"featured_media":111692,"comment_status":"","ping_status":"","sticky":false,"template":"","format":"standard","meta":{"footnotes":""},"categories":[12],"tags":[22,23,26,27,17,21,24,25,28,29,15,16,18,34,31,33,32,30,19,20],"class_list":{"0":"post-111691","1":"post","2":"type-post","3":"status-publish","4":"format-standard","5":"has-post-thumbnail","7":"category-sverige","8":"tag-breaking-news","9":"tag-breakingnews","10":"tag-featured-news","11":"tag-featurednews","12":"tag-headlines","13":"tag-huvudnyheter","14":"tag-latest-news","15":"tag-latestnews","16":"tag-main-news","17":"tag-mainnews","18":"tag-news","19":"tag-nyheter","20":"tag-rubriker","21":"tag-se","22":"tag-svenska","23":"tag-sverige","24":"tag-sweden","25":"tag-swedish","26":"tag-top-stories","27":"tag-topstories"},"share_on_mastodon":{"url":"https:\/\/pubeurope.com\/@se\/115749732023251447","error":""},"_links":{"self":[{"href":"https:\/\/www.europesays.com\/se\/wp-json\/wp\/v2\/posts\/111691","targetHints":{"allow":["GET"]}}],"collection":[{"href":"https:\/\/www.europesays.com\/se\/wp-json\/wp\/v2\/posts"}],"about":[{"href":"https:\/\/www.europesays.com\/se\/wp-json\/wp\/v2\/types\/post"}],"author":[{"embeddable":true,"href":"https:\/\/www.europesays.com\/se\/wp-json\/wp\/v2\/users\/2"}],"replies":[{"embeddable":true,"href":"https:\/\/www.europesays.com\/se\/wp-json\/wp\/v2\/comments?post=111691"}],"version-history":[{"count":0,"href":"https:\/\/www.europesays.com\/se\/wp-json\/wp\/v2\/posts\/111691\/revisions"}],"wp:featuredmedia":[{"embeddable":true,"href":"https:\/\/www.europesays.com\/se\/wp-json\/wp\/v2\/media\/111692"}],"wp:attachment":[{"href":"https:\/\/www.europesays.com\/se\/wp-json\/wp\/v2\/media?parent=111691"}],"wp:term":[{"taxonomy":"category","embeddable":true,"href":"https:\/\/www.europesays.com\/se\/wp-json\/wp\/v2\/categories?post=111691"},{"taxonomy":"post_tag","embeddable":true,"href":"https:\/\/www.europesays.com\/se\/wp-json\/wp\/v2\/tags?post=111691"}],"curies":[{"name":"wp","href":"https:\/\/api.w.org\/{rel}","templated":true}]}}