{"id":111695,"date":"2025-12-20T03:32:21","date_gmt":"2025-12-20T03:32:21","guid":{"rendered":"https:\/\/www.europesays.com\/se\/111695\/"},"modified":"2025-12-20T03:32:21","modified_gmt":"2025-12-20T03:32:21","slug":"tvattbjorn-som-dackade-pa-toa-gjorde-fler-inbrott-samma-dag","status":"publish","type":"post","link":"https:\/\/www.europesays.com\/se\/111695\/","title":{"rendered":"Tv\u00e4ttbj\u00f6rn som d\u00e4ckade p\u00e5 toa gjorde fler inbrott samma dag"},"content":{"rendered":"<p>Publicerad 19 dec 2025 kl 13.48<\/p>\n<p>Tv\u00e4ttbj\u00f6rnen blev viral efter att ha d\u00e4ckat p\u00e5 toalettgolvet i en spritbutik.<\/p>\n<p>Men nya uppgifter visar att han sannolikt \u00e4r en serief\u00f6rbrytare.<\/p>\n<p>\u2013 Vi misst\u00e4nker att spritbutiken var hans tredje inbrott, s\u00e4ger djursk\u00f6taren Samantha Martin.<\/p>\n<p><img   alt=\"\"\/><\/p>\n<p>Butikens anst\u00e4llda hittade tv\u00e4ttbj\u00f6rnen d\u00e4ckad inne p\u00e5 toaletten.<\/p>\n<p>Foto: AP \/ AP TT NYHETSBYR\u00c5N<\/p>\n<p>\u00d6ppna bild i helsk\u00e4rm<\/p>\n<p>Expressen <a href=\"https:\/\/www.expressen.se\/nyheter\/varlden\/tvattbjorn-stal-och-drack-upp-sprit--somnade-pa-toalettgolvet\/\" rel=\"nofollow noopener\" target=\"_blank\">skrev tidigare<\/a> om tv\u00e4ttbj\u00f6rnen i <a href=\"https:\/\/www.expressen.se\/tagg\/location\/virginia\/\" class=\"\" rel=\"nofollow noopener\" target=\"_blank\">Virginia<\/a> som under Thanksgiving i slutet av november br\u00f6t sig in i en lokal spritbutik. N\u00e4r anst\u00e4llda skulle \u00f6ppna butiken efter ledigheten hittade de krabaten d\u00e4ckad p\u00e5 toalettgolvet.<\/p>\n<p>Artikeln i korthet<\/p>\n<p> Virala tv\u00e4ttbj\u00f6rnen d\u00e4ckade p\u00e5 spritbutikens toalett efter inbrott.<\/p>\n<p> Misst\u00e4nks ha gjort ytterligare tv\u00e5 inbrott samma kv\u00e4ll.<\/p>\n<p> Djursk\u00f6tare: \u201dHan \u00e4r en smart liten rackare \u2013 och nu fri igen\u201d.<\/p>\n<p>Visa mer<\/p>\n<p>Allt tyder p\u00e5 att tv\u00e4ttbj\u00f6rnen tagit sig in via taket innan han g\u00e5tt loss p\u00e5 spritflaskorna som radade upp sig p\u00e5 butikshyllorna. Djursk\u00f6taren Samantha Martin som ryckte ut till st\u00f6ldscenen fick ta tv\u00e4ttbj\u00f6rnen till ett djurcenter d\u00e4r han fick sova ruset av sig i lugn och ro.<\/p>\n<p>I ett uttalande skrev man att \u201dinga tecken p\u00e5 skador f\u00f6rutom bakfylla och kanske d\u00e5liga livsval\u201d kunde synas.<\/p>\n<p><img loading=\"lazy\"   alt=\"\"\/><\/p>\n<p>Tv\u00e4ttbj\u00f6rnen l\u00e4mnade ett sp\u00e5r av krossade spritflaskor efter sig.<\/p>\n<p>Foto: AP \/ AP TT NYHETSBYR\u00c5N<\/p>\n<p>\u00d6ppna bild i helsk\u00e4rmTredje inbrottet samma dag<\/p>\n<p>Men nu har Samantha Martin kommit med nya uppgifter om tv\u00e4ttbj\u00f6rnens framfart.<\/p>\n<p>\u2013 Vi misst\u00e4nker att spritbutiken var hans tredje inbrott, s\u00e4ger hon i en podcast, enligt <a href=\"https:\/\/www.theguardian.com\/us-news\/2025\/dec\/13\/drunk-raccoon-liquor-store-dmv\" rel=\"nofollow noopener\" target=\"_blank\">the Guardian<\/a>.<\/p>\n<p>Hon s\u00e4ger att tv\u00e4ttbj\u00f6rnen \u00e4ven tros ligga bakom ett intr\u00e5ng i en karatestudio och i ett kontor, b\u00e5da i samma kvarter som spritbutiken. I kontoret ska han sannolikt ha tuggat i sig snacks som fanns framme.<\/p>\n<p>\u2013 Det \u00e4r nog inte f\u00f6rsta g\u00e5ngen han var inne i de d\u00e4r byggnaderna, han \u00e4r en smart liten rackare, s\u00e4ger djursk\u00f6taren.<\/p>\n<p>Enligt henne skulle en f\u00f6rflyttning fr\u00e5n tv\u00e4ttbj\u00f6rnens naturliga milj\u00f6 vara \u201den d\u00f6dsdom\u201d. S\u00e5 han \u00e4r sl\u00e4ppt p\u00e5 fri fot.<\/p>\n<p>\u2013 Jag tror att han lever sitt b\u00e4sta liv, s\u00e4ger hon och forts\u00e4tter:<\/p>\n<p>\u2013 Och varf\u00f6r inte? Ta en drink eller tv\u00e5.<\/p>\n","protected":false},"excerpt":{"rendered":"Publicerad 19 dec 2025 kl 13.48 Tv\u00e4ttbj\u00f6rnen blev viral efter att ha d\u00e4ckat p\u00e5 toalettgolvet i en spritbutik.&hellip;\n","protected":false},"author":2,"featured_media":111696,"comment_status":"","ping_status":"","sticky":false,"template":"","format":"standard","meta":{"footnotes":""},"categories":[14],"tags":[22,23,26,27,17,21,24,25,4277,28,29,15,16,6651,18,34,55,31,33,32,30,19,527,1499,20,51,52,53,54],"class_list":{"0":"post-111695","1":"post","2":"type-post","3":"status-publish","4":"format-standard","5":"has-post-thumbnail","7":"category-varlden","8":"tag-breaking-news","9":"tag-breakingnews","10":"tag-featured-news","11":"tag-featurednews","12":"tag-headlines","13":"tag-huvudnyheter","14":"tag-latest-news","15":"tag-latestnews","16":"tag-location-virginia","17":"tag-main-news","18":"tag-mainnews","19":"tag-news","20":"tag-nyheter","21":"tag-organization-black-friday","22":"tag-rubriker","23":"tag-se","24":"tag-sections-varlden","25":"tag-svenska","26":"tag-sverige","27":"tag-sweden","28":"tag-swedish","29":"tag-top-stories","30":"tag-topic-djur-natur","31":"tag-topic-ran-stold","32":"tag-topstories","33":"tag-varlden","34":"tag-world","35":"tag-world-news","36":"tag-worldnews"},"share_on_mastodon":{"url":"https:\/\/pubeurope.com\/@se\/115749790891334430","error":""},"_links":{"self":[{"href":"https:\/\/www.europesays.com\/se\/wp-json\/wp\/v2\/posts\/111695","targetHints":{"allow":["GET"]}}],"collection":[{"href":"https:\/\/www.europesays.com\/se\/wp-json\/wp\/v2\/posts"}],"about":[{"href":"https:\/\/www.europesays.com\/se\/wp-json\/wp\/v2\/types\/post"}],"author":[{"embeddable":true,"href":"https:\/\/www.europesays.com\/se\/wp-json\/wp\/v2\/users\/2"}],"replies":[{"embeddable":true,"href":"https:\/\/www.europesays.com\/se\/wp-json\/wp\/v2\/comments?post=111695"}],"version-history":[{"count":0,"href":"https:\/\/www.europesays.com\/se\/wp-json\/wp\/v2\/posts\/111695\/revisions"}],"wp:featuredmedia":[{"embeddable":true,"href":"https:\/\/www.europesays.com\/se\/wp-json\/wp\/v2\/media\/111696"}],"wp:attachment":[{"href":"https:\/\/www.europesays.com\/se\/wp-json\/wp\/v2\/media?parent=111695"}],"wp:term":[{"taxonomy":"category","embeddable":true,"href":"https:\/\/www.europesays.com\/se\/wp-json\/wp\/v2\/categories?post=111695"},{"taxonomy":"post_tag","embeddable":true,"href":"https:\/\/www.europesays.com\/se\/wp-json\/wp\/v2\/tags?post=111695"}],"curies":[{"name":"wp","href":"https:\/\/api.w.org\/{rel}","templated":true}]}}