{"id":111699,"date":"2025-12-20T03:47:16","date_gmt":"2025-12-20T03:47:16","guid":{"rendered":"https:\/\/www.europesays.com\/se\/111699\/"},"modified":"2025-12-20T03:47:16","modified_gmt":"2025-12-20T03:47:16","slug":"regeringen-till-over-hundra-myndigheter-anvand-mer-ai","status":"publish","type":"post","link":"https:\/\/www.europesays.com\/se\/111699\/","title":{"rendered":"Regeringen till \u00f6ver hundra myndigheter: Anv\u00e4nd mer AI"},"content":{"rendered":"<p>Minst hundra myndigheter ska anv\u00e4nda mer AI n\u00e4sta \u00e5r, annars riskerar de en anm\u00e4rkning. Det s\u00e4ger civilminister Erik Slottner (KD) till P3 Nyheter.<\/p>\n<p>Det g\u00e4ller bland andra Polismyndigheten, Brottsoffermyndigheten och Migrationsverket. Trots att dessa hanterar mycket k\u00e4nslig persondata kommer staten inte tillhandah\u00e5lla n\u00e5gon ytterligare utbildning, rapporterar radion.<\/p>\n<p>\u2013 Vi kommer se en del misstag och fel h\u00e4r och d\u00e4r. Men i uppdraget ing\u00e5r ocks\u00e5 att ber\u00e4tta hur man jobbar med och utvecklar AI p\u00e5 ett etiskt och r\u00e4ttss\u00e4kert s\u00e4tt, s\u00e4ger Slottner till P3.<\/p>\n<p>Omni \u00e4r politiskt obundna och oberoende. Vi str\u00e4var efter att ge fler perspektiv p\u00e5 nyheterna. Har du fr\u00e5gor eller synpunkter kring v\u00e5r rapportering? <a href=\"https:\/\/omni.se\/regeringen-uppmanar-hundra-myndigheter-anvand-mer-ai\/a\/mailto:redaktion@omni.se\" class=\"ArticleActions_contactLink__W2F1M\" rel=\"nofollow noopener\" target=\"_blank\">Kontakta redaktionen<\/a><\/p>\n","protected":false},"excerpt":{"rendered":"Minst hundra myndigheter ska anv\u00e4nda mer AI n\u00e4sta \u00e5r, annars riskerar de en anm\u00e4rkning. Det s\u00e4ger civilminister Erik&hellip;\n","protected":false},"author":2,"featured_media":111700,"comment_status":"","ping_status":"","sticky":false,"template":"","format":"standard","meta":{"footnotes":""},"categories":[65],"tags":[466,12310,72,70,71,1129,4415,3440,369,3409,34,31,33,32,30],"class_list":{"0":"post-111699","1":"post","2":"type-post","3":"status-publish","4":"format-standard","5":"has-post-thumbnail","7":"category-ekonomi","8":"tag-artificiell-intelligens","9":"tag-brottsoffermyndigheten","10":"tag-business","11":"tag-economy","12":"tag-ekonomi","13":"tag-erik-slottner","14":"tag-migrationsverket","15":"tag-polismyndigheten","16":"tag-politik","17":"tag-regeringen","18":"tag-se","19":"tag-svenska","20":"tag-sverige","21":"tag-sweden","22":"tag-swedish"},"share_on_mastodon":{"url":"https:\/\/pubeurope.com\/@se\/115749849854824829","error":""},"_links":{"self":[{"href":"https:\/\/www.europesays.com\/se\/wp-json\/wp\/v2\/posts\/111699","targetHints":{"allow":["GET"]}}],"collection":[{"href":"https:\/\/www.europesays.com\/se\/wp-json\/wp\/v2\/posts"}],"about":[{"href":"https:\/\/www.europesays.com\/se\/wp-json\/wp\/v2\/types\/post"}],"author":[{"embeddable":true,"href":"https:\/\/www.europesays.com\/se\/wp-json\/wp\/v2\/users\/2"}],"replies":[{"embeddable":true,"href":"https:\/\/www.europesays.com\/se\/wp-json\/wp\/v2\/comments?post=111699"}],"version-history":[{"count":0,"href":"https:\/\/www.europesays.com\/se\/wp-json\/wp\/v2\/posts\/111699\/revisions"}],"wp:featuredmedia":[{"embeddable":true,"href":"https:\/\/www.europesays.com\/se\/wp-json\/wp\/v2\/media\/111700"}],"wp:attachment":[{"href":"https:\/\/www.europesays.com\/se\/wp-json\/wp\/v2\/media?parent=111699"}],"wp:term":[{"taxonomy":"category","embeddable":true,"href":"https:\/\/www.europesays.com\/se\/wp-json\/wp\/v2\/categories?post=111699"},{"taxonomy":"post_tag","embeddable":true,"href":"https:\/\/www.europesays.com\/se\/wp-json\/wp\/v2\/tags?post=111699"}],"curies":[{"name":"wp","href":"https:\/\/api.w.org\/{rel}","templated":true}]}}