{"id":111705,"date":"2025-12-20T04:21:10","date_gmt":"2025-12-20T04:21:10","guid":{"rendered":"https:\/\/www.europesays.com\/se\/111705\/"},"modified":"2025-12-20T04:21:10","modified_gmt":"2025-12-20T04:21:10","slug":"hapnadsvackande-fynd-pa-2-400-ar-gammal-beromd-skandinavisk-bat-kan-losa-ett-stort-mysterium","status":"publish","type":"post","link":"https:\/\/www.europesays.com\/se\/111705\/","title":{"rendered":"H\u00e4pnadsv\u00e4ckande fynd p\u00e5 2 400 \u00e5r gammal, ber\u00f6md skandinavisk b\u00e5t kan l\u00f6sa ett stort mysterium"},"content":{"rendered":"<p>P\u00e5 300-talet f.Kr. anf\u00f6ll en flotta \u00f6n Als utanf\u00f6r Danmarks kust. Upp till fyra b\u00e5tar deltog, men angriparna slogs tillbaka.<\/p>\n<p>F\u00f6rsvararna s\u00e4nkte fiendens vapen i en b\u00e5t i Hjortspring Mose \u2013 sannolikt som ett offer f\u00f6r segern.<\/p>\n<p>B\u00e5ten hittades p\u00e5 1880-talet, gr\u00e4vdes ut p\u00e5 1920-talet och \u00e4r den \u00e4ldsta plankb\u00e5ten som har hittats i Skandinavien. I dag visas Hjortspringb\u00e5ten p\u00e5 Nationalmuseet i Danmark.<\/p>\n<p>Varifr\u00e5n sj\u00f6krigarna kom och varf\u00f6r de anf\u00f6ll \u00e4r fortfarande ett mysterium \u2013 som nu kan vara n\u00e4rmare att l\u00f6sas.<\/p>\n","protected":false},"excerpt":{"rendered":"P\u00e5 300-talet f.Kr. anf\u00f6ll en flotta \u00f6n Als utanf\u00f6r Danmarks kust. Upp till fyra b\u00e5tar deltog, men angriparna&hellip;\n","protected":false},"author":2,"featured_media":111706,"comment_status":"","ping_status":"","sticky":false,"template":"","format":"standard","meta":{"footnotes":""},"categories":[14],"tags":[22,23,26,27,17,21,24,25,28,29,15,16,18,34,31,33,32,30,19,20,51,52,53,54],"class_list":{"0":"post-111705","1":"post","2":"type-post","3":"status-publish","4":"format-standard","5":"has-post-thumbnail","7":"category-varlden","8":"tag-breaking-news","9":"tag-breakingnews","10":"tag-featured-news","11":"tag-featurednews","12":"tag-headlines","13":"tag-huvudnyheter","14":"tag-latest-news","15":"tag-latestnews","16":"tag-main-news","17":"tag-mainnews","18":"tag-news","19":"tag-nyheter","20":"tag-rubriker","21":"tag-se","22":"tag-svenska","23":"tag-sverige","24":"tag-sweden","25":"tag-swedish","26":"tag-top-stories","27":"tag-topstories","28":"tag-varlden","29":"tag-world","30":"tag-world-news","31":"tag-worldnews"},"share_on_mastodon":{"url":"https:\/\/pubeurope.com\/@se\/115749983602347730","error":""},"_links":{"self":[{"href":"https:\/\/www.europesays.com\/se\/wp-json\/wp\/v2\/posts\/111705","targetHints":{"allow":["GET"]}}],"collection":[{"href":"https:\/\/www.europesays.com\/se\/wp-json\/wp\/v2\/posts"}],"about":[{"href":"https:\/\/www.europesays.com\/se\/wp-json\/wp\/v2\/types\/post"}],"author":[{"embeddable":true,"href":"https:\/\/www.europesays.com\/se\/wp-json\/wp\/v2\/users\/2"}],"replies":[{"embeddable":true,"href":"https:\/\/www.europesays.com\/se\/wp-json\/wp\/v2\/comments?post=111705"}],"version-history":[{"count":0,"href":"https:\/\/www.europesays.com\/se\/wp-json\/wp\/v2\/posts\/111705\/revisions"}],"wp:featuredmedia":[{"embeddable":true,"href":"https:\/\/www.europesays.com\/se\/wp-json\/wp\/v2\/media\/111706"}],"wp:attachment":[{"href":"https:\/\/www.europesays.com\/se\/wp-json\/wp\/v2\/media?parent=111705"}],"wp:term":[{"taxonomy":"category","embeddable":true,"href":"https:\/\/www.europesays.com\/se\/wp-json\/wp\/v2\/categories?post=111705"},{"taxonomy":"post_tag","embeddable":true,"href":"https:\/\/www.europesays.com\/se\/wp-json\/wp\/v2\/tags?post=111705"}],"curies":[{"name":"wp","href":"https:\/\/api.w.org\/{rel}","templated":true}]}}