{"id":111707,"date":"2025-12-20T04:22:15","date_gmt":"2025-12-20T04:22:15","guid":{"rendered":"https:\/\/www.europesays.com\/se\/111707\/"},"modified":"2025-12-20T04:22:15","modified_gmt":"2025-12-20T04:22:15","slug":"kvinna-pakord-i-korsning-allvarligt-skadad","status":"publish","type":"post","link":"https:\/\/www.europesays.com\/se\/111707\/","title":{"rendered":"Kvinna p\u00e5k\u00f6rd i korsning \u2013 allvarligt skadad"},"content":{"rendered":"<p class=\"boxtextgrotesk-root_baa6 hyperion-css-7pajle\">Publicerad 2025-12-19 21.33<\/p>\n<p>share-arrowDela<\/p>\n<p>unsaveSpara<\/p>\n<p>expand-left<\/p>\n<p>helsk\u00e4rm<img decoding=\"async\" class=\"image-asset hyperion-css-u06ts1\" data-test-tag=\"image-asset\" src=\"https:\/\/www.europesays.com\/se\/wp-content\/uploads\/2025\/12\/cb439057-c293-4bf5-9116-0215cb1104e6\"  alt=\"En kvinnan har skadats allvarligt i en olycka. Arkivbild.\"  loading=\"eager\" fetchpriority=\"high\" style=\"aspect-ratio:1900 \/ 1236\"\/>En kvinnan har skadats allvarligt i en olycka. Arkivbild. Foto: Johan Nilsson \/ TT<\/p>\n<p class=\"hyperion-css-1shl3oz\" data-test-tag=\"lead-text\">En kvinna har f\u00e5tt allvarliga skador sedan hon p\u00e5k\u00f6rd av en personbil i Ronneby, rapporterar lokala medier.<\/p>\n<p class=\"hyperion-css-1v9qo5x\">Kvinnan, som var till fots, blev p\u00e5k\u00f6rd i en korsning. Hon var vaken och talbar n\u00e4r hon f\u00f6rdes till sjukhus.<\/p>\n<p class=\"hyperion-css-1v9qo5x\">Enligt en olycksfallsrapport fr\u00e5n Region Blekinge \u00e4r kvinnan, som \u00e4r i 50\u201360-\u00e5rs\u00e5ldern, allvarligt skadad.<\/p>\n<p class=\"hyperion-css-1v9qo5x\">Den man som k\u00f6rde personbilen \u00e4r misst\u00e4nkt f\u00f6r v\u00e5rdsl\u00f6shet i trafik.<\/p>\n","protected":false},"excerpt":{"rendered":"Publicerad 2025-12-19 21.33 share-arrowDela unsaveSpara expand-left helsk\u00e4rmEn kvinnan har skadats allvarligt i en olycka. Arkivbild. Foto: Johan Nilsson&hellip;\n","protected":false},"author":2,"featured_media":111708,"comment_status":"","ping_status":"","sticky":false,"template":"","format":"standard","meta":{"footnotes":""},"categories":[12],"tags":[22,23,26,27,17,21,24,25,28,29,15,16,18,34,31,33,32,30,19,20],"class_list":{"0":"post-111707","1":"post","2":"type-post","3":"status-publish","4":"format-standard","5":"has-post-thumbnail","7":"category-sverige","8":"tag-breaking-news","9":"tag-breakingnews","10":"tag-featured-news","11":"tag-featurednews","12":"tag-headlines","13":"tag-huvudnyheter","14":"tag-latest-news","15":"tag-latestnews","16":"tag-main-news","17":"tag-mainnews","18":"tag-news","19":"tag-nyheter","20":"tag-rubriker","21":"tag-se","22":"tag-svenska","23":"tag-sverige","24":"tag-sweden","25":"tag-swedish","26":"tag-top-stories","27":"tag-topstories"},"share_on_mastodon":{"url":"https:\/\/pubeurope.com\/@se\/115749987999959769","error":""},"_links":{"self":[{"href":"https:\/\/www.europesays.com\/se\/wp-json\/wp\/v2\/posts\/111707","targetHints":{"allow":["GET"]}}],"collection":[{"href":"https:\/\/www.europesays.com\/se\/wp-json\/wp\/v2\/posts"}],"about":[{"href":"https:\/\/www.europesays.com\/se\/wp-json\/wp\/v2\/types\/post"}],"author":[{"embeddable":true,"href":"https:\/\/www.europesays.com\/se\/wp-json\/wp\/v2\/users\/2"}],"replies":[{"embeddable":true,"href":"https:\/\/www.europesays.com\/se\/wp-json\/wp\/v2\/comments?post=111707"}],"version-history":[{"count":0,"href":"https:\/\/www.europesays.com\/se\/wp-json\/wp\/v2\/posts\/111707\/revisions"}],"wp:featuredmedia":[{"embeddable":true,"href":"https:\/\/www.europesays.com\/se\/wp-json\/wp\/v2\/media\/111708"}],"wp:attachment":[{"href":"https:\/\/www.europesays.com\/se\/wp-json\/wp\/v2\/media?parent=111707"}],"wp:term":[{"taxonomy":"category","embeddable":true,"href":"https:\/\/www.europesays.com\/se\/wp-json\/wp\/v2\/categories?post=111707"},{"taxonomy":"post_tag","embeddable":true,"href":"https:\/\/www.europesays.com\/se\/wp-json\/wp\/v2\/tags?post=111707"}],"curies":[{"name":"wp","href":"https:\/\/api.w.org\/{rel}","templated":true}]}}