{"id":111711,"date":"2025-12-20T04:31:05","date_gmt":"2025-12-20T04:31:05","guid":{"rendered":"https:\/\/www.europesays.com\/se\/111711\/"},"modified":"2025-12-20T04:31:05","modified_gmt":"2025-12-20T04:31:05","slug":"tusentals-hedrar-offren-efter-skjutningen-i-sydney-vasterbottens-kuriren","status":"publish","type":"post","link":"https:\/\/www.europesays.com\/se\/111711\/","title":{"rendered":"Tusentals hedrar offren efter skjutningen i Sydney &#8211; V\u00e4sterbottens-Kuriren"},"content":{"rendered":"<ol>\n<li><a href=\"https:\/\/news.google.com\/rss\/articles\/CBMijgFBVV95cUxNSmRpY1FBZ3c2ODktdkFtNFVHU0hzVlVTWDZZVzFvQVplblcyYS1kaFVNZGtmTHF6aWhzMy1tNWRNUzRrbWdfYkRRdWJ6WXhsNVhxVDNqeVU0S1ZZbFZRQ1pQOU1IQl9DTExZYjZxYjNFbWJxdndGV0ZHZkJZQVBnNUpSUXZ5SFNiY19pUVFR?oc=5\" target=\"_blank\" rel=\"nofollow noopener\">Tusentals hedrar offren efter skjutningen i Sydney<\/a>&nbsp;&nbsp;V\u00e4sterbottens-Kuriren<\/li>\n<li><a href=\"https:\/\/news.google.com\/rss\/articles\/CBMilgFBVV95cUxPX1JvZ3NpeDV3QVQ4dUZ0RjczOHJfazN6a1lyeUZmVERvTW5vVXRNaG1IeHh3VlVKOGVNSFdmWkhha3NFSTZNWTEzdFI0SmZhajRsbFk1bEh3VzBDbGRFeE5kc0lsRDhsMWJjMV8zd0JjOFhrWmo3d0oyUkpXRklkUHU5QTU4dFFfNmFic3duMlNBUldwd1E?oc=5\" target=\"_blank\" rel=\"nofollow noopener\">Antisemitiska konspirationer sprids efter d\u00e5det i Sydney<\/a>&nbsp;&nbsp;SVT Nyheter<\/li>\n<li><a href=\"https:\/\/news.google.com\/rss\/articles\/CBMikgFBVV95cUxOaG9qRmhuSVlzSjgwaTg5OUlvbWRPNkNwQk1ZSnZ6M0EyUmJYRVRTRzBwNUVOMG13T01iWUY2djFxMktyU0lVMFVwcVRhNWtZbUk3M3pVWUJZa0oyZ0J4ODJmT3hjQ3NXZGh1Wkh1RW9kWUpZRnlNanN4eDBXZlNPVUhOU1BFeWZLemlyUjI3ODludw?oc=5\" target=\"_blank\" rel=\"nofollow noopener\">\u201dAlla wokem\u00e4nniskor spelar dem i h\u00e4nderna\u201d<\/a>&nbsp;&nbsp;SvD<\/li>\n<li><a href=\"https:\/\/news.google.com\/rss\/articles\/CBMinwFBVV95cUxQTDN3eC1oSXJCaUpjTnppYzBIVjd5RGtTakdNTWx6VF9nXzdHdXdYVVlQeDJDcEJqYWJ0ODBfeDJHQ2FtNm9xX3dHRzEyb1ViUW10YUNZeE83THBNZEFCQjRSMkNXbmRCUl9WZ2lQSWk5OTdCZjNJT3htMFVySkMtT0VVdlU3V0xwTFVYbkoyQUJscDlFUGxTcWUxUEw0QTg?oc=5\" target=\"_blank\" rel=\"nofollow noopener\">Ekot 12:30 Utrikesministern: Bed\u00f6mer att Dawit Isaak \u00e4r vid liv 19 december 2025 &#8211; Ekot nyhetss\u00e4ndning<\/a>&nbsp;&nbsp;Sveriges Radio<\/li>\n<li><a href=\"https:\/\/news.google.com\/rss\/articles\/CBMiigFBVV95cUxQVXlyblZadkdLRFR1amVDOExySGpxUkdtcWJhblNNT0p5TTVGamhIeFMySXZxOVl2aXNiNHhMaXBEOU5GMHRoSkRkNXRXY21lbHI2bnRJUGozVzU0NlVPREVyOVJueGNsVTlzSE9uY0otZUZXaXlNTW42a2l5VWYzRTc3N2VfM1QtT1E?oc=5\" target=\"_blank\" rel=\"nofollow noopener\">&#8221;Bondi Beach-hj\u00e4lten&#8221; f\u00e5r miljonbelopp<\/a>&nbsp;&nbsp;Aftonbladet<\/li>\n<\/ol>\n","protected":false},"excerpt":{"rendered":"Tusentals hedrar offren efter skjutningen i Sydney&nbsp;&nbsp;V\u00e4sterbottens-Kuriren Antisemitiska konspirationer sprids efter d\u00e5det i Sydney&nbsp;&nbsp;SVT Nyheter \u201dAlla wokem\u00e4nniskor spelar&hellip;\n","protected":false},"author":2,"featured_media":111712,"comment_status":"","ping_status":"","sticky":false,"template":"","format":"standard","meta":{"footnotes":""},"categories":[14],"tags":[22,23,26,27,17,21,24,25,28,29,15,16,18,34,31,33,32,30,19,20,51,52,53,54],"class_list":{"0":"post-111711","1":"post","2":"type-post","3":"status-publish","4":"format-standard","5":"has-post-thumbnail","7":"category-varlden","8":"tag-breaking-news","9":"tag-breakingnews","10":"tag-featured-news","11":"tag-featurednews","12":"tag-headlines","13":"tag-huvudnyheter","14":"tag-latest-news","15":"tag-latestnews","16":"tag-main-news","17":"tag-mainnews","18":"tag-news","19":"tag-nyheter","20":"tag-rubriker","21":"tag-se","22":"tag-svenska","23":"tag-sverige","24":"tag-sweden","25":"tag-swedish","26":"tag-top-stories","27":"tag-topstories","28":"tag-varlden","29":"tag-world","30":"tag-world-news","31":"tag-worldnews"},"share_on_mastodon":{"url":"https:\/\/pubeurope.com\/@se\/115750022944154990","error":""},"_links":{"self":[{"href":"https:\/\/www.europesays.com\/se\/wp-json\/wp\/v2\/posts\/111711","targetHints":{"allow":["GET"]}}],"collection":[{"href":"https:\/\/www.europesays.com\/se\/wp-json\/wp\/v2\/posts"}],"about":[{"href":"https:\/\/www.europesays.com\/se\/wp-json\/wp\/v2\/types\/post"}],"author":[{"embeddable":true,"href":"https:\/\/www.europesays.com\/se\/wp-json\/wp\/v2\/users\/2"}],"replies":[{"embeddable":true,"href":"https:\/\/www.europesays.com\/se\/wp-json\/wp\/v2\/comments?post=111711"}],"version-history":[{"count":0,"href":"https:\/\/www.europesays.com\/se\/wp-json\/wp\/v2\/posts\/111711\/revisions"}],"wp:featuredmedia":[{"embeddable":true,"href":"https:\/\/www.europesays.com\/se\/wp-json\/wp\/v2\/media\/111712"}],"wp:attachment":[{"href":"https:\/\/www.europesays.com\/se\/wp-json\/wp\/v2\/media?parent=111711"}],"wp:term":[{"taxonomy":"category","embeddable":true,"href":"https:\/\/www.europesays.com\/se\/wp-json\/wp\/v2\/categories?post=111711"},{"taxonomy":"post_tag","embeddable":true,"href":"https:\/\/www.europesays.com\/se\/wp-json\/wp\/v2\/tags?post=111711"}],"curies":[{"name":"wp","href":"https:\/\/api.w.org\/{rel}","templated":true}]}}