{"id":111715,"date":"2025-12-20T04:40:05","date_gmt":"2025-12-20T04:40:05","guid":{"rendered":"https:\/\/www.europesays.com\/se\/111715\/"},"modified":"2025-12-20T04:40:05","modified_gmt":"2025-12-20T04:40:05","slug":"blev-pakommen-i-kameran-pa-coldplays-konsert-berattar-nu","status":"publish","type":"post","link":"https:\/\/www.europesays.com\/se\/111715\/","title":{"rendered":"Blev p\u00e5kommen i kameran p\u00e5 Coldplays konsert \u2013 ber\u00e4ttar nu"},"content":{"rendered":"<p>Publicerad 18 dec 2025 kl 17.09<\/p>\n<p>Den gifta techmiljard\u00e4ren blev p\u00e5kommen med sin kollega under en Coldplay-konsert.<\/p>\n<p>Efter m\u00e5nader av tystnad \u2013 nu ber\u00e4ttar Kristin Cabot f\u00f6r f\u00f6rsta g\u00e5ngen om vad som egentligen h\u00e4nde.\u00a0<\/p>\n<p><img   alt=\"\"\/><\/p>\n<p>H\u00e4r blev de tv\u00e5 kollegerna uppt\u00e4ckta.<\/p>\n<p>Foto: STELLA PICTURES\/AVALON<\/p>\n<p>\u00d6ppna bild i helsk\u00e4rm<img loading=\"lazy\"   alt=\"\"\/><\/p>\n<p>T\u00e4tt omslingrade syntes de i kameran.<\/p>\n<p>Foto: BEST IMAGE\/IBL<\/p>\n<p>\u00d6ppna bild i helsk\u00e4rm<img loading=\"lazy\"   alt=\"\"\/><\/p>\n<p>De f\u00f6rs\u00f6kte ducka och g\u00f6mma sig snabbt.<\/p>\n<p>Foto: BEST IMAGE\/IBL<\/p>\n<p>\u00d6ppna bild i helsk\u00e4rm<img loading=\"lazy\"   alt=\"\"\/><\/p>\n<p>Kristin Cabot ber\u00e4ttar nu.<\/p>\n<p>Foto: Linkedin<\/p>\n<p>\u00d6ppna bild i helsk\u00e4rm<\/p>\n<p>Kysskameran fastnade p\u00e5 kollegerna Kristin Cabot och Andy Byron mitt under en intim stund p\u00e5 en <a href=\"https:\/\/www.expressen.se\/tagg\/person\/coldplay\/\" class=\"\" rel=\"nofollow noopener\" target=\"_blank\">Coldplay<\/a>-konsert i somras. Efter att de i panik f\u00f6rs\u00f6kt ducka tog det inte l\u00e5ng tid innan internetstormen blev enorm.\u00a0<\/p>\n<p>\u2013 Antingen har de en aff\u00e4r, eller s\u00e5 \u00e4r de v\u00e4ldigt blyga, kommenterade ocks\u00e5 s\u00e5ngaren Chris Martin direkt ifr\u00e5n scen.<\/p>\n<p>Nu ger Kristin Cabot sin version av vad som egentligen h\u00e4nde den d\u00e4r julikv\u00e4llen.\u00a0<\/p>\n<p>\u2013 Jag fattade ett d\u00e5ligt beslut efter ett par drinkar. Jag dansade och agerade ol\u00e4mpligt med min chef. Det s\u00e4ger n\u00e5got, och jag tog ansvar och gav upp min karri\u00e4r p\u00e5 grund av det. Det \u00e4r det priset jag valt att betala, s\u00e4ger hon till <a href=\"https:\/\/www.nytimes.com\/2025\/12\/18\/style\/coldplay-concert-couple-kiss-cam-woman.html\" rel=\"nofollow noopener\" target=\"_blank\">New York times<\/a> .<\/p>\n<p>\u201dJag sk\u00e4mdes s\u00e5 mycket\u201d<\/p>\n<p>Vidare ber\u00e4ttar hon om k\u00e4nslorna efter att de synts tillsammans p\u00e5 storbildssk\u00e4rmen:<\/p>\n<p>\u2013 Jag sk\u00e4mdes s\u00e5 mycket och var skr\u00e4ckslagen. Jag \u00e4r hr-chef och han \u00e4r vd, det \u00e4r s\u00e5 klyschigt och bara s\u00e5 d\u00e5ligt.\u00a0<\/p>\n<p>Efter h\u00e4ndelsen gick Cabot och Byron undan tillsammans f\u00f6r att g\u00f6ra upp en plan.<\/p>\n<p>\u2013 Vi bara satt d\u00e4r i baren med ansiktet i h\u00e4nderna och t\u00e4nkte: vad var det som precis h\u00e4nde?\u00a0<\/p>\n<p>Cabot ber\u00e4ttar ocks\u00e5 om tiden efter\u00e5t, och om det hat och de hot hon tvingats utst\u00e5.\u00a0<\/p>\n<p>\u2013 Jag vill att mina barn ska veta att du kan g\u00f6ra misstag, och du kan verkligen st\u00e4lla till det f\u00f6r dig \u2013 men du ska inte beh\u00f6va utst\u00e5 d\u00f6dshot f\u00f6r det, s\u00e4ger hon i intervjun.<\/p>\n","protected":false},"excerpt":{"rendered":"Publicerad 18 dec 2025 kl 17.09 Den gifta techmiljard\u00e4ren blev p\u00e5kommen med sin kollega under en Coldplay-konsert. Efter&hellip;\n","protected":false},"author":2,"featured_media":111716,"comment_status":"","ping_status":"","sticky":false,"template":"","format":"standard","meta":{"footnotes":""},"categories":[67],"tags":[104,1371,34,31,33,32,30,105],"class_list":{"0":"post-111715","1":"post","2":"type-post","3":"status-publish","4":"format-standard","5":"has-post-thumbnail","7":"category-underhallning","8":"tag-entertainment","9":"tag-person-coldplay","10":"tag-se","11":"tag-svenska","12":"tag-sverige","13":"tag-sweden","14":"tag-swedish","15":"tag-underhallning"},"share_on_mastodon":{"url":"https:\/\/pubeurope.com\/@se\/115750058312772835","error":""},"_links":{"self":[{"href":"https:\/\/www.europesays.com\/se\/wp-json\/wp\/v2\/posts\/111715","targetHints":{"allow":["GET"]}}],"collection":[{"href":"https:\/\/www.europesays.com\/se\/wp-json\/wp\/v2\/posts"}],"about":[{"href":"https:\/\/www.europesays.com\/se\/wp-json\/wp\/v2\/types\/post"}],"author":[{"embeddable":true,"href":"https:\/\/www.europesays.com\/se\/wp-json\/wp\/v2\/users\/2"}],"replies":[{"embeddable":true,"href":"https:\/\/www.europesays.com\/se\/wp-json\/wp\/v2\/comments?post=111715"}],"version-history":[{"count":0,"href":"https:\/\/www.europesays.com\/se\/wp-json\/wp\/v2\/posts\/111715\/revisions"}],"wp:featuredmedia":[{"embeddable":true,"href":"https:\/\/www.europesays.com\/se\/wp-json\/wp\/v2\/media\/111716"}],"wp:attachment":[{"href":"https:\/\/www.europesays.com\/se\/wp-json\/wp\/v2\/media?parent=111715"}],"wp:term":[{"taxonomy":"category","embeddable":true,"href":"https:\/\/www.europesays.com\/se\/wp-json\/wp\/v2\/categories?post=111715"},{"taxonomy":"post_tag","embeddable":true,"href":"https:\/\/www.europesays.com\/se\/wp-json\/wp\/v2\/tags?post=111715"}],"curies":[{"name":"wp","href":"https:\/\/api.w.org\/{rel}","templated":true}]}}