{"id":111722,"date":"2025-12-20T05:12:45","date_gmt":"2025-12-20T05:12:45","guid":{"rendered":"https:\/\/www.europesays.com\/se\/111722\/"},"modified":"2025-12-20T05:12:45","modified_gmt":"2025-12-20T05:12:45","slug":"kendall-jenner-pa-bild-med-svenska-profilen-ben-gorham","status":"publish","type":"post","link":"https:\/\/www.europesays.com\/se\/111722\/","title":{"rendered":"Kendall Jenner p\u00e5 bild med svenska profilen Ben Gorham"},"content":{"rendered":"<p>Publicerad 18 dec 2025 kl 13.54Uppdaterad kl 15.48<\/p>\n<p>Kendall Jenner syntes ute i Los Angeles-vimlet.\u00a0<\/p>\n<p>Med sig hade hon svenska parfymgurun Ben Gorham \u2013 f\u00f6r fj\u00e4rde g\u00e5ngen, enligt <a href=\"https:\/\/www.dailymail.co.uk\/tvshowbiz\/article-15394765\/Kendall-Jenner-seen-perfume-mogul-Ben-Gorham.html\" rel=\"nofollow noopener\" target=\"_blank\">Daily Mail. <\/a>\u00a0<\/p>\n<p><img   alt=\"\"\/><\/p>\n<p>Kendall Jenner och svenska Ben Gorham.<\/p>\n<p>Foto: BACKGRID\/IBL<\/p>\n<p>\u00d6ppna bild i helsk\u00e4rm<img loading=\"lazy\"   alt=\"\"\/><\/p>\n<p>De syntes tillsammans p\u00e5 en trendig bokaff\u00e4r.<\/p>\n<p>Foto: BACKGRID\/IBL<\/p>\n<p>\u00d6ppna bild i helsk\u00e4rm<img loading=\"lazy\"   alt=\"\"\/><\/p>\n<p>Ben Gorham \u00e4r tidigare basketproffs och grundare av ett parfymm\u00e4rke.<\/p>\n<p>Foto: BESTIMAGE \/ STELLA PICTURES \/ FAMEFLYNET SWEDEN FAMEFLYNET FR<\/p>\n<p>\u00d6ppna bild i helsk\u00e4rm<img loading=\"lazy\"   alt=\"\"\/><\/p>\n<p>Kendall Jenner.<\/p>\n<p>Foto: ANTHONY HARVEY\/SHUTTERSTOCK \/ SHUTTERSTOCK EDITORIAL\/IBL<\/p>\n<p>\u00d6ppna bild i helsk\u00e4rm<\/p>\n<p>Modellen Kendall Jenner, 30, har tidigare synts ute i vimlet tillsammans med svenska f\u00f6re detta basketproffset Ben Gorham, 48.\u00a0<\/p>\n<p>P\u00e5 onsdagen syntes de tillsammans igen i <a href=\"https:\/\/www.expressen.se\/tagg\/location\/los-angeles\/\" class=\"\" rel=\"nofollow noopener\" target=\"_blank\">Los Angeles<\/a> n\u00e4r de tog en kaffe och bes\u00f6kte den trendiga bokaff\u00e4ren Architecture Books, enligt Daily Mail.\u00a0<\/p>\n<p>Tidigare p\u00e5 dagen shoppade de tillsammans i antikaff\u00e4ren La Maison Francaise Antiques.\u00a0<\/p>\n<p>Daily Mail skriver att det \u00e4r den fj\u00e4rde g\u00e5ngen som hon och Ben Gorham, som grundade parfym\u00e4rket Byredo, syns tillsammans i offentligheten.\u00a0<\/p>\n<p>Nu spekulerar fansen i vad Gorham och Jenner har f\u00f6r relation \u2013\u00a0men m\u00e5nga tror att de jobbar tillsammans p\u00e5 ett framtida kreativt projekt, enligt tidningen.\u00a0<\/p>\n<p><img alt=\"\"\/>Ljudklippet gick inte att spela upp<\/p>\n<p>F\u00f6rs\u00f6k igen senare<\/p>\n","protected":false},"excerpt":{"rendered":"Publicerad 18 dec 2025 kl 13.54Uppdaterad kl 15.48 Kendall Jenner syntes ute i Los Angeles-vimlet.\u00a0 Med sig hade&hellip;\n","protected":false},"author":2,"featured_media":111723,"comment_status":"","ping_status":"","sticky":false,"template":"","format":"standard","meta":{"footnotes":""},"categories":[67],"tags":[104,1997,12311,34,31,33,32,30,310,105],"class_list":{"0":"post-111722","1":"post","2":"type-post","3":"status-publish","4":"format-standard","5":"has-post-thumbnail","7":"category-underhallning","8":"tag-entertainment","9":"tag-location-los-angeles","10":"tag-person-kendall-jenner","11":"tag-se","12":"tag-svenska","13":"tag-sverige","14":"tag-sweden","15":"tag-swedish","16":"tag-topic-kandisar","17":"tag-underhallning"},"share_on_mastodon":{"url":"https:\/\/pubeurope.com\/@se\/115750184104022953","error":""},"_links":{"self":[{"href":"https:\/\/www.europesays.com\/se\/wp-json\/wp\/v2\/posts\/111722","targetHints":{"allow":["GET"]}}],"collection":[{"href":"https:\/\/www.europesays.com\/se\/wp-json\/wp\/v2\/posts"}],"about":[{"href":"https:\/\/www.europesays.com\/se\/wp-json\/wp\/v2\/types\/post"}],"author":[{"embeddable":true,"href":"https:\/\/www.europesays.com\/se\/wp-json\/wp\/v2\/users\/2"}],"replies":[{"embeddable":true,"href":"https:\/\/www.europesays.com\/se\/wp-json\/wp\/v2\/comments?post=111722"}],"version-history":[{"count":0,"href":"https:\/\/www.europesays.com\/se\/wp-json\/wp\/v2\/posts\/111722\/revisions"}],"wp:featuredmedia":[{"embeddable":true,"href":"https:\/\/www.europesays.com\/se\/wp-json\/wp\/v2\/media\/111723"}],"wp:attachment":[{"href":"https:\/\/www.europesays.com\/se\/wp-json\/wp\/v2\/media?parent=111722"}],"wp:term":[{"taxonomy":"category","embeddable":true,"href":"https:\/\/www.europesays.com\/se\/wp-json\/wp\/v2\/categories?post=111722"},{"taxonomy":"post_tag","embeddable":true,"href":"https:\/\/www.europesays.com\/se\/wp-json\/wp\/v2\/tags?post=111722"}],"curies":[{"name":"wp","href":"https:\/\/api.w.org\/{rel}","templated":true}]}}