{"id":111724,"date":"2025-12-20T05:17:08","date_gmt":"2025-12-20T05:17:08","guid":{"rendered":"https:\/\/www.europesays.com\/se\/111724\/"},"modified":"2025-12-20T05:17:08","modified_gmt":"2025-12-20T05:17:08","slug":"varning-for-vind-och-sno-i-fjallen","status":"publish","type":"post","link":"https:\/\/www.europesays.com\/se\/111724\/","title":{"rendered":"Varning f\u00f6r vind och sn\u00f6 i fj\u00e4llen"},"content":{"rendered":"<p>Besv\u00e4rligt v\u00e4der v\u00e4ntas under eftermiddag och kv\u00e4ll, med tilltagande nordv\u00e4stvind och tidvis byar av sn\u00f6 eller bl\u00f6tsn\u00f6.<\/p>\n<p>St\u00e4ll in fj\u00e4llturen om du inte \u00e4r ordentligt fj\u00e4llvan, r\u00e5der SMHI, d\u00e5 det kan bli sv\u00e5rt att orientera sig n\u00e4r sikten f\u00f6rs\u00e4mras. Dessutom finns risk f\u00f6r f\u00f6rfrysningar och det kan vara sv\u00e5rt att att resa och f\u00f6rankra t\u00e4lt.<\/p>\n<p>En gul v\u00e4dervarning inneb\u00e4r konsekvenser f\u00f6r samh\u00e4llet och vissa risker f\u00f6r allm\u00e4nheten.<\/p>\n","protected":false},"excerpt":{"rendered":"Besv\u00e4rligt v\u00e4der v\u00e4ntas under eftermiddag och kv\u00e4ll, med tilltagande nordv\u00e4stvind och tidvis byar av sn\u00f6 eller bl\u00f6tsn\u00f6. St\u00e4ll&hellip;\n","protected":false},"author":2,"featured_media":111725,"comment_status":"","ping_status":"","sticky":false,"template":"","format":"standard","meta":{"footnotes":""},"categories":[5],"tags":[22,23,26,27,17,21,24,25,28,29,15,16,18,34,31,33,32,30,19,20],"class_list":{"0":"post-111724","1":"post","2":"type-post","3":"status-publish","4":"format-standard","5":"has-post-thumbnail","7":"category-rubriker","8":"tag-breaking-news","9":"tag-breakingnews","10":"tag-featured-news","11":"tag-featurednews","12":"tag-headlines","13":"tag-huvudnyheter","14":"tag-latest-news","15":"tag-latestnews","16":"tag-main-news","17":"tag-mainnews","18":"tag-news","19":"tag-nyheter","20":"tag-rubriker","21":"tag-se","22":"tag-svenska","23":"tag-sverige","24":"tag-sweden","25":"tag-swedish","26":"tag-top-stories","27":"tag-topstories"},"share_on_mastodon":{"url":"https:\/\/pubeurope.com\/@se\/115750203780936796","error":""},"_links":{"self":[{"href":"https:\/\/www.europesays.com\/se\/wp-json\/wp\/v2\/posts\/111724","targetHints":{"allow":["GET"]}}],"collection":[{"href":"https:\/\/www.europesays.com\/se\/wp-json\/wp\/v2\/posts"}],"about":[{"href":"https:\/\/www.europesays.com\/se\/wp-json\/wp\/v2\/types\/post"}],"author":[{"embeddable":true,"href":"https:\/\/www.europesays.com\/se\/wp-json\/wp\/v2\/users\/2"}],"replies":[{"embeddable":true,"href":"https:\/\/www.europesays.com\/se\/wp-json\/wp\/v2\/comments?post=111724"}],"version-history":[{"count":0,"href":"https:\/\/www.europesays.com\/se\/wp-json\/wp\/v2\/posts\/111724\/revisions"}],"wp:featuredmedia":[{"embeddable":true,"href":"https:\/\/www.europesays.com\/se\/wp-json\/wp\/v2\/media\/111725"}],"wp:attachment":[{"href":"https:\/\/www.europesays.com\/se\/wp-json\/wp\/v2\/media?parent=111724"}],"wp:term":[{"taxonomy":"category","embeddable":true,"href":"https:\/\/www.europesays.com\/se\/wp-json\/wp\/v2\/categories?post=111724"},{"taxonomy":"post_tag","embeddable":true,"href":"https:\/\/www.europesays.com\/se\/wp-json\/wp\/v2\/tags?post=111724"}],"curies":[{"name":"wp","href":"https:\/\/api.w.org\/{rel}","templated":true}]}}