{"id":111738,"date":"2025-12-20T05:52:25","date_gmt":"2025-12-20T05:52:25","guid":{"rendered":"https:\/\/www.europesays.com\/se\/111738\/"},"modified":"2025-12-20T05:52:25","modified_gmt":"2025-12-20T05:52:25","slug":"christopher-garplind-om-olyckliga-karleken-och-vattenlackan","status":"publish","type":"post","link":"https:\/\/www.europesays.com\/se\/111738\/","title":{"rendered":"Christopher Garplind om olyckliga k\u00e4rleken och vattenl\u00e4ckan"},"content":{"rendered":"<p>En vattenl\u00e4cka. Ett inre m\u00f6rker. Ett galet ex.\u00a0<\/p>\n<p>Det \u00e4r \u00e5terkommande referenspunkter i Christopher Garplinds tv-program. Vi ska prata om \u00a0alla de h\u00e4r tre sakerna. Men n\u00e4r vi m\u00f6ts, en av de m\u00e4rkligt ljumma decemberkv\u00e4llarna strax f\u00f6re jul, \u00e4r vattenl\u00e4ckan det mest akut p\u00e5tagliga i Christophers liv. P\u00e5 grund av denna l\u00e4cka, som uppst\u00e5tt i hans S\u00f6dermalmsl\u00e4genhet, bor han sedan n\u00e5gon m\u00e5nad p\u00e5 hotell.<\/p>\n<p>\u2013 Jag \u00e4lskar det. Eftersom jag aldrig lagar mat s\u00e5 passar det mig perfekt. Jag f\u00f6reslog den h\u00e4r l\u00f6sningen f\u00f6r f\u00f6rs\u00e4kringsbolaget som sa okej.<\/p>\n<p>Christopher Garplind leder f\u00f6r tredje \u00e5ret i rad Cyklopernas lands uppesittarkv\u00e4ll p\u00e5 SVT \u2013 ett julprojekt med alternativ vibe, tr\u00f6stande f\u00f6r ensamma hj\u00e4rtan och underh\u00e5llande f\u00f6r b\u00e5de julromantiker och jultr\u00f6tta.<\/p>\n<p><img loading=\"lazy\"   alt=\"\"\/><\/p>\n<p>Christopher Garplind bor p\u00e5 hotell just nu, men julafton firar han hos sin mamma i Link\u00f6ping.<\/p>\n<p>Foto: LISA HALLGREN<\/p>\n<p><img loading=\"lazy\"   alt=\"\"\/><\/p>\n<p><strong> Namn: <\/strong>Christopher Garplind<\/p>\n<p><strong> F\u00f6dd: <\/strong>27 juli 1988 i Oslo.<\/p>\n<p><strong> Familj:<\/strong> Mamma i Link\u00f6ping, pappa i Oslo. Fyra yngre syskon.<\/p>\n<p><strong> G\u00f6r: <\/strong>Programledare f\u00f6r \u201dEftermiddag i P3\u201d tillsammans med Hanna Hellquist. Programledare f\u00f6r \u201dCyklopernas land\u201d. Reseprogrammet \u201dSemester med Garplind\u201d hade premi\u00e4r p\u00e5 SVT 2025. Leder SVT:s uppesittarkv\u00e4ll.<\/p>\n<p> Flyttade som 16\u2013\u00e5ring till Fagersta f\u00f6r att g\u00e5 det nu nedlagda riksidrottsgymnasiet f\u00f6r wakeboard och vattenskidor. \u201dJag valde det mycket f\u00f6r killarna. Och s\u00e5 var det m\u00e5nga roliga fester, det var det jag gillade.\u201d<\/p>\n<p> Var redakt\u00f6r f\u00f6r Filip och Fredriks \u201dBreaking news\u201d och \u201dAlla mot alla\u201d.<\/p>\n<p>Har skrivit manus till Guldbagge- och Grammisgalan.<\/p>\n<p> Studerade vid Stockholms konstn\u00e4rliga h\u00f6gskola och avlade examen fr\u00e5n kandidatprogrammet i tv\u2011produktion \u00e5r 2017.<\/p>\n<p> \u00c4r ett stort Kent-fan. Tillsammans med journalisten Per Sinding-Larsen gjorde han SVT-dokument\u00e4ren \u201dVi \u00e4r inte l\u00e4ngre d\u00e4r\u201d om Kents sista turn\u00e9.<\/p>\n<p> Har bokkontrakt med ett f\u00f6rlag. \u201dJag tackade ja n\u00e4r mina bostadsl\u00e5n inte l\u00e4ngre var bundna.\u201d<\/p>\n<p>Visa mer<\/p>\n<p><strong>Hur \u00e4r din relation till julen?<\/strong><\/p>\n<p>\u2013 Folk brukar s\u00e4ga \u201ddu k\u00e4nns inte alls som en julkille\u201d, men jag har alltid tyckt att julen \u00e4r j\u00e4vligt mysig, \u00e4ven om jag verkligen fattar alla som hatar skiten.\u00a0<\/p>\n<p><strong>Vilken julmat gillar du mest?<\/strong><\/p>\n<p>\u2013 Jag \u00e4r ett stort sill head. Egen sill? Nej, \u00e4r du galen? Jag kan inte g\u00f6ra n\u00e5gonting! Jag bara \u00e4ter andras mat.<\/p>\n<p><strong>Just det, jag har l\u00e4st att du \u00e4r lite opraktisk.<\/strong><\/p>\n<p>\u2013 V\u00e4ldigt. Jag kan inte laga mat, inte h\u00e4nga upp en tavla ens och jag \u00e4r v\u00e4ldigt ointresserad av att l\u00e4ra mig. Jag har alltid varit ihop med killar som \u00e4r bra p\u00e5 s\u00e5nt.<\/p>\n<p><img loading=\"lazy\"   alt=\"\"\/><\/p>\n<p>Expressens Karin Nordin m\u00f6ter Christopher Garplind.<\/p>\n<p>Foto: LISA HALLGREN<\/p>\n<p><strong>Samma h\u00e4r. Men folk blir provocerade och tycker att en tjej ska vara \u201dstark\u201d och kunna s\u00e5nt sj\u00e4lv.<\/strong><\/p>\n<p>\u2013 Ja, och killar m\u00e5ste ju verkligen kunna snickra och spika, men det \u00e4r en av m\u00e5nga f\u00f6rdelar med att vara b\u00f6g, ingen f\u00f6rv\u00e4ntar sig att man ska kunna s\u00e5nt d\u00e5. Och det \u00e4r s\u00e5 bra att man kan outsourca. En g\u00e5ng fanns det inte en kille p\u00e5 plats och d\u00e5 hyrde jag in n\u00e5n f\u00f6r att s\u00e4tta upp en tavla. Folk blir j\u00e4ttearga p\u00e5 mig n\u00e4r jag s\u00e4ger det, men det blev skitbra.\u00a0<\/p>\n<p><img loading=\"lazy\"   alt=\"\"\/><\/p>\n<p>P\u00e5 senare \u00e5r har 37-\u00e5rige Christopher Garplind blivit en av Sveriges mest popul\u00e4ra programledare. Hans h\u00f6ga k\u00e4ndisstatus m\u00e4rks p\u00e5 m\u00e4ngden synpunkter n\u00e4r jag ber\u00e4ttar att jag ska tr\u00e4ffa honom. Min mamma, som \u00e4r 76, \u00e4lskar \u201dCyklopernas\u201d men s\u00e4ger att hon \u201dinte riktigt f\u00f6rst\u00e5r\u201d reseprogrammet. Mina tjejkompisar pratar om hans \u201dsexiga hoodies\u201d.<\/p>\n<p>N\u00e4r vi m\u00f6ts har det sista avsnittet av nya \u201dSemester med Garplind\u201d s\u00e4nts, d\u00e4r han sover i en husvagn i Trollh\u00e4ttan med Anna Anka.\u00a0<\/p>\n<p>\u2013 M\u00e5nga har varit arga f\u00f6r de tycker att vi festar f\u00f6r mycket. Men det \u00e4r inte direkt som att man g\u00e5r hem och gr\u00e5ter f\u00f6r att n\u00e5gon lame moralpolis h\u00f6jt r\u00f6sten. S\u00e5nt \u00e4r bara ett plus i min bok. Folk brukar alltid vara v\u00e4ldigt arga p\u00e5 oss n\u00e4r vi g\u00f6r n\u00e5got, men sen v\u00e4njer de sig och \u00e4lskar det.<\/p>\n<p><img loading=\"lazy\"   alt=\"\"\/><\/p>\n<p>Med Ulf Brunnberg p\u00e5 grekiska \u00f6n Hydra.<\/p>\n<p>Foto: SVT<\/p>\n<p><img loading=\"lazy\"   alt=\"\"\/> <\/p>\n<p style=\"font-style:italic;font-family: millertext,serif;font-style: bold;font-size: 2.3rem;line-height: 1.3;\"> Folk brukar alltid vara v\u00e4ldigt arga n\u00e4r vi g\u00f6r n\u00e5got<\/p>\n<p><strong>Det fanns en fin kemi mellan dig och Ulf Brunnberg d\u00e4r p\u00e5 Hydra, tycker jag. Har ni tr\u00e4ffats efter det?<\/strong><\/p>\n<p>\u2013 Ja, jag \u00e5t faktiskt lunch med honom p\u00e5 hans stammishak p\u00e5 Liding\u00f6 f\u00f6r ett tag sen.\u00a0<\/p>\n<p><strong>Vad tycker du om kritiken mot dig, en del menar att du \u00e4r lite dryg och sval?<\/strong><\/p>\n<p>\u2013 Jag ser mig mer som en Bridget Jones som bara snubblar runt, men jag fattar vad de menar. Vad ska jag s\u00e4ga? F\u00f6rl\u00e5t s\u00e5 hemskt mycket f\u00f6r att jag inte \u00e4r n\u00e5gon Linda Lindorff. Men den h\u00e4r v\u00e4rlden \u00e4r v\u00e4l inte tillr\u00e4ckligt \u00f6verbefolkad \u00e4n, f\u00f6r att jag inte ocks\u00e5 kan f\u00e5 finnas? \u00a0<\/p>\n<p><strong>Vem i \u201dCyklopernas-panelen<\/strong>\u201d<strong> umg\u00e5s du mest med?<\/strong><\/p>\n<p>\u2013 Det k\u00e4nns som att jag tr\u00e4ffar alla hela tiden, \u00f6verallt. Men jag \u00e4r typ granne med b\u00e5de Emil och Tone.\u00a0<\/p>\n<p><img loading=\"lazy\"   alt=\"\"\/><\/p>\n<p>Inspelning. &#8221;Det k\u00e4nns skitkul med Cyklopernas. Vi k\u00f6r i alla fall hela 2026.\u201d<\/p>\n<p>Foto: LISA HALLGREN<\/p>\n<p><img loading=\"lazy\"   alt=\"\"\/><\/p>\n<p>Huvtr\u00f6jan \u00e4r Christophers signaturplagg. \u201dJag \u00e4lskar en bra hoodie.\u201d<\/p>\n<p>Foto: LISA HALLGREN<\/p>\n<p><img loading=\"lazy\"   alt=\"\"\/><\/p>\n<p>Bakom kulisserna i studion.<\/p>\n<p>Foto: LISA HALLGREN<\/p>\n<p><img loading=\"lazy\"   alt=\"\"\/><\/p>\n<p>Christopher ser fram emot uppesittarkv\u00e4llen p\u00e5 SVT. \u201dVi har en riktigt bra julbock i \u00e5r!&#8221;.<\/p>\n<p>Foto: LISA HALLGREN<\/p>\n<p><strong>Hur \u00e4kta \u00e4r den d\u00e4r hatk\u00e4rleken mellan Emil och Tone egentligen?<\/strong><\/p>\n<p>\u2013 Jesus christ. Jag drog mig l\u00e4nge innan jag sammanf\u00f6rde dem f\u00f6r jag visste att det skulle bli problem. De har en v\u00e4ldigt twistad, konstig will they wont they-vibe, om man pratar om mord i st\u00e4llet f\u00f6r k\u00e4rlek. Men jag tror att de gillar varandra deep down.\u00a0<\/p>\n<p><img loading=\"lazy\"   alt=\"\"\/><\/p>\n<p>Christopher Garplind \u00e4r landets kanske hetaste kille just nu, alla vill h\u00e4nga med honom. Men han k\u00e4nns ocks\u00e5 som en ganska \u00f6dmjuk produkt av sin bakgrund; sm\u00e5stadsliv i lilla Berg utanf\u00f6r Link\u00f6ping, pappahelger med h\u00e4ng p\u00e5 fotbollsbarer i Oslo, dr\u00f6mmar om killarna med blekt h\u00e5r p\u00e5 wakeboardgymnasiet i Fagersta och olycklig k\u00e4rlek. Han \u00f6vergav tidigt sin lantis\u00f6stg\u00f6tska, som han beskriver som \u201dmegagrov\u201d, men sm\u00e5staden fastnade i honom.<\/p>\n<p>\u2013 Jag kan sitta p\u00e5 Riche och k\u00e4nna som att jag ska bli utsl\u00e4ngd snart, att jag inte borde f\u00e5 vara d\u00e4r och det kommer v\u00e4l d\u00e4rifr\u00e5n. Sm\u00e5stadsmentaliteten verkar aldrig g\u00e5 ur, men det \u00e4r nog bra, man hade v\u00e4l varit helt odr\u00e4glig annars?\u00a0<\/p>\n<p><img loading=\"lazy\"   alt=\"\"\/><\/p>\n<p>Humortalangen uppt\u00e4ckte han i l\u00e5gstadiet. \u201dJag hade inget annat kapital att imponera p\u00e5 folk med.\u201d<\/p>\n<p>Foto: LISA HALLGREN<\/p>\n<p><strong>Avundas du kompisar som har en grundmurad innerstadsbakgrund, som har g\u00e5tt S\u00f6dra latin och s\u00e5 d\u00e4r?<\/strong><\/p>\n<p>\u2013 Nej. Mitt liv hade s\u00e4kert varit en miljard g\u00e5nger l\u00e4ttare p\u00e5 massor olika s\u00e4tt om jag varit uppvuxen p\u00e5 S\u00f6dermalm och g\u00e5tt S\u00f6dra latin, men jag tror inte att jag hade h\u00e5llit p\u00e5 med samma grejer d\u00e5. Jag \u00e4r f\u00f6r lat och bekv\u00e4m. Det beh\u00f6vdes nog extrem uttr\u00e5kning och panik f\u00f6r att n\u00e5got skulle h\u00e4nda.\u00a0<\/p>\n<p><strong>\u00c4r det mycket sm\u00e5stadsrevansch i dig?<\/strong><\/p>\n<p>\u2013 J\u00e4ttemycket. Jag gick p\u00e5 riktigt runt p\u00e5 min h\u00f6gstadieskola och l\u00e4ngtade efter den dag jag skulle f\u00e5 sitta i intervjuer och ber\u00e4tta om hur mycket jag hatade alla. Men n\u00e4r det b\u00f6rjade g\u00e5 lite bra f\u00f6r mig f\u00f6rsvann s\u00e5 klart det behovet. Plus att folk hemma \u00e4r v\u00e4ldigt sn\u00e4lla.<\/p>\n<p><strong>Visste du tidigt att du \u00e4r gay?<\/strong><\/p>\n<p>\u2013 Hmm, jag anade v\u00e4l men jag liksom levde i f\u00f6rnekelse l\u00e4nge och bad till Gud om att jag inte skulle vara det. Jag har haft s\u00e5 sjukt m\u00e5nga tjejer, f\u00f6rl\u00e5t f\u00f6r skryt. Men jag var s\u00e5 r\u00e4dd att n\u00e5gon skulle misst\u00e4nka n\u00e5got s\u00e5 jag var tvungen att bli ihop med alla som visade intresse.<\/p>\n<p><img loading=\"lazy\"   alt=\"\"\/><\/p>\n<p>Christophers s\u00e4msta julminne \u00e4r fr\u00e5n julen 2015, d\u00e5 var han s\u00e5 sv\u00e5rt sjuk i halsfluss att han \u00e5kte till akuten med ambulans.<\/p>\n<p>Foto: LISA HALLGREN<\/p>\n<p><img loading=\"lazy\"   alt=\"\"\/> <\/p>\n<p style=\"font-style:italic;font-family: millertext,serif;font-style: bold;font-size: 2.3rem;line-height: 1.3;\"> Behandla mig som skit s\u00e5 \u00e4r jag din forever<\/p>\n<p><strong>Jag har minst en tjejkompis som \u00f6nskar att hon vore b\u00f6g p\u00e5 grund av dig. Har du noll procent bisexualitet i dig?<\/strong><\/p>\n<p>\u2013\u00a0Ja, tyv\u00e4rr. Det h\u00e4r med tjejer har jag ju verkligen testat. Gudarna ska veta att jag har anstr\u00e4ngt mig s\u00e5 mycket jag bara kan f\u00f6r att liksom pressa fram n\u00e5gon heterosexualitet. Jag ber om urs\u00e4kt, beklagar.<\/p>\n<p>Annons<\/p>\n<p><strong>Hur ska man g\u00f6ra f\u00f6r att du ska bli k\u00e4r? Det k\u00e4nns som om det kan funka att spela sv\u00e5r.<\/strong><\/p>\n<p>\u2013 Ja, behandla mig som skit s\u00e5 \u00e4r jag din forever. Skoja. Men ser jag tillbaka s\u00e5 verkar grov psykisk oh\u00e4lsa vara n\u00e5got jag attraheras av. Men vad gillar man annars? Det \u00e4r lite random. Jag har f\u00f6rs\u00f6kt hitta en r\u00f6d tr\u00e5d i alla som jag blivit besatt av men det finns liksom inte? Eller jo, alla \u00e4r v\u00e4ldigt snygga. Jag \u00e4r extremt ytlig. Snygg och psykisk oh\u00e4lsa \u2013 I\u2019m yours.\u00a0<\/p>\n<p><img loading=\"lazy\"   alt=\"\"\/><\/p>\n<p>Om exen: \u201dDe \u00e4r roliga karakt\u00e4rer och det finns m\u00e5nga goa stories\u201d.<\/p>\n<p>Foto: LISA HALLGREN<\/p>\n<p>Vi \u00e4r ju alla inte bara produkter av v\u00e5r uppv\u00e4xtmilj\u00f6 utan ocks\u00e5 av v\u00e5ra ex. Christopher Garplind \u00e5terkommer st\u00e4ndigt till dem. Exen. Sommaren 2023 hade han g\u00f6ra slut-l\u00e5ten \u201dParis, Texas\u201d med Lana del Rey p\u00e5 repeat. Hj\u00e4rtat var krossat. Den h\u00e4r g\u00e5ngen resulterade det i en mycket sorglig ess\u00e4 i DN. I dag s\u00e4ger han att han skrev texten i \u201dn\u00e5got slags uppl\u00f6sningstillst\u00e5nd\u201d.<\/p>\n<p><img loading=\"lazy\"   alt=\"\"\/> <\/p>\n<p style=\"font-style:italic;font-family: millertext,serif;font-style: bold;font-size: 2.3rem;line-height: 1.3;\"> Jag f\u00f6rs\u00f6ker testa lite nya grejer nu, till exempel j\u00e4ttegamla m\u00e4n<\/p>\n<p>Och han st\u00e4ller samma fr\u00e5ga i varje avsnitt av \u201dCyklopernas land\u201d: \u201dHur g\u00f6r man f\u00f6r att bota olycklig k\u00e4rlek?\u201d. Svaret har han sj\u00e4lv haft anledning att utforska m\u00e5nga g\u00e5nger.<\/p>\n<p>\u2013 Hela h\u00f6gstadiet och gymnasiet var i princip bara olycklig k\u00e4rlek. Jag var alltid k\u00e4r i n\u00e5gon t\u00f6ntig straight innebandykille i smyg.\u00a0<\/p>\n<p>L\u00e4nge dejtade Christopher mest yngre killar, men han s\u00e4ger att det var \u201dutmattande\u201d.<\/p>\n<p>\u2013 Sen blev jag extremt olyckligt k\u00e4r i en gammal man. Jag f\u00f6rs\u00f6ker testa lite nya grejer nu, till exempel j\u00e4ttegamla m\u00e4n.\u00a0<\/p>\n<p><strong>Hur gammal var han?<br \/><\/strong>\u2013 Cirka 50.<\/p>\n<p><img loading=\"lazy\"   alt=\"\"\/><\/p>\n<p>Dr\u00f6mg\u00e4sten i \u201dCyklopernas land&#8221; \u00e4r Mauro Scocco. \u201dMen han v\u00e4grar.\u201d<\/p>\n<p>Foto: LISA HALLGREN<\/p>\n<p><strong>Vilket \u00e4r det l\u00e4ngsta f\u00f6rh\u00e5llande du haft?<\/strong><\/p>\n<p><strong>\u2013 <\/strong>Jag var typ en child bride en g\u00e5ng i tiden, jag och en kille var ihop mellan 20 och 30 ungef\u00e4r, n\u00e4stan tio \u00e5r. Jag kommer aldrig klara s\u00e5 l\u00e4nge igen. Inte en chans.<\/p>\n<p><strong>Finns det typ en tio\u00e5rsgr\u00e4ns, tror du, n\u00e4r det slutar vara intressant?<\/strong><\/p>\n<p>\u2013 Ja, absolut. Jag tror inte det \u00e4r h\u00e4lsosamt att vara ihop l\u00e4ngre \u00e4n s\u00e5. Folk verkar m\u00e5 piss.\u00a0<\/p>\n<p><img loading=\"lazy\"   alt=\"\"\/> <\/p>\n<p style=\"font-style:italic;font-family: millertext,serif;font-style: bold;font-size: 2.3rem;line-height: 1.3;\"> Jag \u00e4r f\u00f6r gammal f\u00f6r att vara s\u00e5 akward socialt<\/p>\n<p><strong>Vill du ha familj och barn?\u00a0<\/strong><\/p>\n<p>\u2013 N\u00e4e, men i l\u00f6rdags var jag p\u00e5 en julfest hos Josefine Jinder och d\u00e4r var det en person som hade med sig en bebis som var s\u00e5 j\u00e4vla gullig. D\u00e5 k\u00e4nde jag faktiskt lite hur det \u201driste till i \u00e4ggstockarna\u201d.\u00a0<\/p>\n<p><strong>Du har sagt att du brukar k\u00e4nna dig ensam.<\/strong><\/p>\n<p>\u2013 N\u00e4r sa jag det? Jo, nu vet jag. Det var Martin Luuk som hade sett mig ute och sa i n\u00e5gon tidning att jag \u201dalltid ser s\u00e5 ensam ut\u201d. Vad ska jag s\u00e4ga? Jag \u00e4r ett socialt missfoster, inte speciellt bra i den typen av milj\u00f6er. Om jag inte \u00e4r dyngrak \u00e4r jag v\u00e4rdel\u00f6s i mingelsammanhang. F\u00f6rs\u00f6ker jobba p\u00e5 det, tycker jag \u00e4r f\u00f6r gammal f\u00f6r att vara s\u00e5 akward socialt.\u00a0<\/p>\n<p><img loading=\"lazy\"   alt=\"\"\/><\/p>\n<p>\u201dJag \u00e5ngrar att jag gjorde mig av med \u00f6stg\u00f6tskan, men jag \u00e4r f\u00f6r gammal f\u00f6r att ta den tillbaka&#8221;.<\/p>\n<p>Foto: LISA HALLGREN<\/p>\n<p><strong>Hur hanterar du det?\u00a0<\/strong><\/p>\n<p>\u2013 Jag f\u00f6rs\u00f6ker ofta undvika s\u00e5nt, men s\u00e5 t\u00e4nkte jag att nu ger jag det en chans och gick p\u00e5 Martin Luuks releasefest, d\u00e5 var tacken att han snackade skit och sa att jag s\u00e5g ensam ut, haha.<\/p>\n<p><strong>S\u00e5 hur g\u00f6r man f\u00f6r att bota olycklig k\u00e4rlek?<\/strong><\/p>\n<p>\u2013 Saker g\u00e5r \u00f6ver, \u00e4ven n\u00e4r man inte tror det. Eller det kanske inte alltid g\u00e5r \u00f6ver men man v\u00e4njer sig i alla fall. Det \u00e4r en klen tr\u00f6st, men det handlar bara om tid.<\/p>\n<p><img loading=\"lazy\"   alt=\"\"\/>\u201dTacksam att jag slipper det\u201d<\/p>\n","protected":false},"excerpt":{"rendered":"En vattenl\u00e4cka. Ett inre m\u00f6rker. Ett galet ex.\u00a0 Det \u00e4r \u00e5terkommande referenspunkter i Christopher Garplinds tv-program. Vi ska&hellip;\n","protected":false},"author":2,"featured_media":111739,"comment_status":"","ping_status":"","sticky":false,"template":"","format":"standard","meta":{"footnotes":""},"categories":[67],"tags":[104,7448,34,31,33,32,30,105],"class_list":{"0":"post-111738","1":"post","2":"type-post","3":"status-publish","4":"format-standard","5":"has-post-thumbnail","7":"category-underhallning","8":"tag-entertainment","9":"tag-newsstory-expressenintervjun","10":"tag-se","11":"tag-svenska","12":"tag-sverige","13":"tag-sweden","14":"tag-swedish","15":"tag-underhallning"},"share_on_mastodon":{"url":"https:\/\/pubeurope.com\/@se\/115750341401554850","error":""},"_links":{"self":[{"href":"https:\/\/www.europesays.com\/se\/wp-json\/wp\/v2\/posts\/111738","targetHints":{"allow":["GET"]}}],"collection":[{"href":"https:\/\/www.europesays.com\/se\/wp-json\/wp\/v2\/posts"}],"about":[{"href":"https:\/\/www.europesays.com\/se\/wp-json\/wp\/v2\/types\/post"}],"author":[{"embeddable":true,"href":"https:\/\/www.europesays.com\/se\/wp-json\/wp\/v2\/users\/2"}],"replies":[{"embeddable":true,"href":"https:\/\/www.europesays.com\/se\/wp-json\/wp\/v2\/comments?post=111738"}],"version-history":[{"count":0,"href":"https:\/\/www.europesays.com\/se\/wp-json\/wp\/v2\/posts\/111738\/revisions"}],"wp:featuredmedia":[{"embeddable":true,"href":"https:\/\/www.europesays.com\/se\/wp-json\/wp\/v2\/media\/111739"}],"wp:attachment":[{"href":"https:\/\/www.europesays.com\/se\/wp-json\/wp\/v2\/media?parent=111738"}],"wp:term":[{"taxonomy":"category","embeddable":true,"href":"https:\/\/www.europesays.com\/se\/wp-json\/wp\/v2\/categories?post=111738"},{"taxonomy":"post_tag","embeddable":true,"href":"https:\/\/www.europesays.com\/se\/wp-json\/wp\/v2\/tags?post=111738"}],"curies":[{"name":"wp","href":"https:\/\/api.w.org\/{rel}","templated":true}]}}