{"id":111745,"date":"2025-12-20T06:14:19","date_gmt":"2025-12-20T06:14:19","guid":{"rendered":"https:\/\/www.europesays.com\/se\/111745\/"},"modified":"2025-12-20T06:14:19","modified_gmt":"2025-12-20T06:14:19","slug":"skolskjutning-lostes-efter-tips-fran-natforum","status":"publish","type":"post","link":"https:\/\/www.europesays.com\/se\/111745\/","title":{"rendered":"Skolskjutning l\u00f6stes efter tips fr\u00e5n n\u00e4tforum"},"content":{"rendered":"<p><a data-test-tag=\"internal-link\" href=\"https:\/\/www.aftonbladet.se\/av\/oskar-forsberg\" class=\"hyperion-css-13ns1rr\" rel=\"nofollow noopener\" target=\"\" aria-label=\"Se alla artiklar av Oskar Forsberg\"><img decoding=\"async\" class=\"image-asset hyperion-css-n6kkq1\" data-test-tag=\"image-asset\" src=\"https:\/\/www.europesays.com\/se\/wp-content\/uploads\/2025\/12\/1766211257_513_a3a72f59-a972-44b2-b571-2462f5ee274a\"  alt=\"\"  loading=\"lazy\" fetchpriority=\"auto\" style=\"aspect-ratio:1900 \/ 1900\"\/><\/a><\/p>\n<p class=\"boxtextgrotesk-root_baa6 hyperion-css-7pajle\">Uppdaterad 00.19 | Publicerad 2025-12-19 20.45<\/p>\n<p>share-arrowDela<\/p>\n<p>unsaveSpara<\/p>\n<p>chevron-leftf\u00f6reg\u00e5ende<\/p>\n<ul class=\"carousel-container-viewport\" style=\"transform:translate3d(0%, 0, 0)\">\n<li class=\"carousel-slide\" style=\"z-index:1;filter:none(1);padding-bottom:72.86821%\"><img decoding=\"async\" class=\"image-asset hyperion-css-u06ts1\" data-test-tag=\"image-asset\" src=\"https:\/\/www.europesays.com\/se\/wp-content\/uploads\/2025\/12\/e93e5c3a-c7a1-436d-bd63-226deb6d9d68\"  alt=\"\"  fetchpriority=\"auto\" style=\"aspect-ratio:387 \/ 282\"\/><\/li>\n<li class=\"carousel-slide\" style=\"filter:none(0.3);padding-bottom:72.86821%\"><img decoding=\"async\" class=\"image-asset hyperion-css-u06ts1\" data-test-tag=\"image-asset\" src=\"https:\/\/www.europesays.com\/se\/wp-content\/uploads\/2025\/12\/65be7d2c-8b5e-4baf-a46b-e2f3b214aefc\"  alt=\"\"  fetchpriority=\"auto\" style=\"aspect-ratio:929 \/ 1136\"\/><\/li>\n<\/ul>\n<p>expand-left<\/p>\n<p>helsk\u00e4rmchevron-rightn\u00e4staClaudio Neves Valente, 48, f\u00e5ngades p\u00e5 bild vid  ett biluthyrningskontor.<\/p>\n<p>1 \/ 2Foto: Providence Police Department<\/p>\n<p class=\"hyperion-css-1shl3oz\" data-test-tag=\"lead-text\">Polisen s\u00f6kte intensivt efter skolskytten utan n\u00e5got genombrott.<\/p>\n<p class=\"hyperion-css-1shl3oz\" data-test-tag=\"lead-text\">D\u00e5 d\u00f6k \u201dJohn\u201d p\u00e5 Reddit upp och l\u00e4mnade avg\u00f6rande tips.<\/p>\n<p class=\"hyperion-css-1shl3oz\" data-test-tag=\"lead-text\">\u2013 Han l\u00f6ste fallet, s\u00e4ger Rhode Islands justitieminister.<\/p>\n<p class=\"hyperion-css-1v9qo5x\">Efter sex dagars intensivt s\u00f6kande utan n\u00e5gra st\u00f6rre genombrott tog jakten p\u00e5 skolskytten p\u00e5 Brown University i <a data-test-tag=\"internal-link\" href=\"https:\/\/www.aftonbladet.se\/tagg\/rhode-island\" class=\"hyperion-css-15jkft9\" rel=\"nofollow noopener\" target=\"\" aria-label=\"Rhode Island\">Rhode Island<\/a> pl\u00f6tsligt fart.  <\/p>\n<p class=\"hyperion-css-1v9qo5x\">Anledningen var ett tips fr\u00e5n anv\u00e4ndaren \u201dJohn\u201d p\u00e5 n\u00e4tforumet Reddit. Han fick polisen p\u00e5 r\u00e4tt sp\u00e5r efter Claudio Neves Valente, 48, som man misst\u00e4nker sk\u00f6t ihj\u00e4l tv\u00e5 studenter p\u00e5 universitetet den 1 december.<\/p>\n<p class=\"hyperion-css-1v9qo5x\">Efter morden p\u00e5 universitetet ska han ha \u00e5kt till Massachusetts Institute of Technology (MIT), d\u00e4r han sk\u00f6t ihj\u00e4l en professor.<\/p>\n<p>expand-left<\/p>\n<p>helsk\u00e4rm<img decoding=\"async\" class=\"image-asset hyperion-css-u06ts1\" data-test-tag=\"image-asset\" src=\"https:\/\/www.europesays.com\/se\/wp-content\/uploads\/2025\/12\/13b6355a-53d3-42d6-ad84-d824bee08c47\"  alt=\"Mannen f\u00e5ngad p\u00e5 bild utanf\u00f6r Brown University strax f\u00f6re attacken.\"  loading=\"eager\" fetchpriority=\"high\" style=\"aspect-ratio:1024 \/ 573\"\/>Mannen f\u00e5ngad p\u00e5 bild utanf\u00f6r Brown University strax f\u00f6re attacken. Foto: CctvTipset: En gr\u00e5 Nissan<\/p>\n<p class=\"hyperion-css-1v9qo5x\">\u201dJohn\u201d p\u00e5 Reddit tipsade fr\u00e5n b\u00f6rjan polisen om en gr\u00e5 Nissan med Florida-skyltar, <a aria-label=\"enligt BBC.\" class=\"default hyperion-css-15jkft9\" href=\"https:\/\/www.bbc.com\/news\/articles\/ckg9l1j9wxno\" rel=\"noopener nofollow noreferrer\" data-test-tag=\"external-link\" target=\"_blank\">enligt BBC.<\/a><\/p>\n<p class=\"hyperion-css-1v9qo5x\">Utredarna sp\u00e5rade fordonet \u00f6ver flera delstater och hittade till slut den misst\u00e4nkte d\u00f6d vid en f\u00f6rr\u00e5dsanl\u00e4ggning i Salem, New Hampshire. <\/p>\n<p class=\"hyperion-css-1v9qo5x\">\u201dJohn\u201d, som enligt polisen ska vara fr\u00e5n Providence, hyllas nu f\u00f6r sina insatser.<\/p>\n<p class=\"hyperion-css-1v9qo5x\">Enligt polisens handlingar hade myndigheterna inte kopplat n\u00e5got fordon till den misst\u00e4nkte f\u00f6rr\u00e4n \u201dJohn\u201d l\u00e4mnade tipset. <\/p>\n<p class=\"hyperion-css-1v9qo5x\">D\u00e4refter kunde polisen hitta mer videomaterial genom att koppla upp sig mot ett stort antal gatukameror runt Providence. Bilen sp\u00e5rades till ett uthyrningskontor i Boston, och via hyresavtalet kunde polisen sedan identifiera den misst\u00e4nktes namn.<\/p>\n<p class=\"hyperion-css-1v9qo5x\">Fordonet f\u00f6ljdes sedan till omr\u00e5det d\u00e4r MIT-professorn som d\u00f6dades. D\u00e4refter k\u00f6rdes bilen till ett f\u00f6rr\u00e5d i Salem, New Hampshire, d\u00e4r den misst\u00e4nkte g\u00e4rningsmannen Neves Valente hittades d\u00f6d p\u00e5 torsdagen.<\/p>\n<p>expand-left<\/p>\n<p>helsk\u00e4rm<img decoding=\"async\" class=\"image-asset hyperion-css-u06ts1\" data-test-tag=\"image-asset\" src=\"https:\/\/www.europesays.com\/se\/wp-content\/uploads\/2025\/12\/a70cbccd-8a7b-4ad9-87ed-a3cb4266db69\"  alt=\"Claudio Neves Valente.\"  loading=\"eager\" fetchpriority=\"high\" style=\"aspect-ratio:592 \/ 832\"\/>Claudio Neves Valente.Bel\u00f6ning p\u00e5 50\u00a0000 dollar<\/p>\n<p class=\"hyperion-css-1v9qo5x\">Providences borgm\u00e4stare Brett Smiley sa till CNN att \u201dJohn\u201d \u00e4r en tidigare student vid Brown University. <\/p>\n<p class=\"hyperion-css-1v9qo5x\">\u2013 Det \u00e4r en ganska otrolig h\u00e4ndelsekedja, men tipset visade sig vara helt avg\u00f6rande f\u00f6r v\u00e5r utredning. Vi \u00e4r mycket tacksamma, sade Smiley.<\/p>\n<p class=\"hyperion-css-1v9qo5x\">Ut\u00f6ver informationen om bilen ska \u201dJohn\u201d \u00e4ven ha l\u00e4mnat andra avg\u00f6rande detaljer och varit helt \u00f6ppen gentemot utredarna. <\/p>\n<p class=\"hyperion-css-1v9qo5x\">Polisen arbetar fortfarande med att fastst\u00e4lla motivet bakom skjutningarna och har medgett att m\u00e5nga fr\u00e5gor \u00e5terst\u00e5r. Det \u00e4r ocks\u00e5 oklart om tipsaren kommer att f\u00e5 den bel\u00f6ning p\u00e5 50\u00a0000 dollar som myndigheterna utlovat. <\/p>\n<p class=\"hyperion-css-1v9qo5x\">Men p\u00e5 en presskonferens sa en FBI-agent att det vore logiskt.<\/p>\n<p class=\"hyperion-css-1v9qo5x\">\u2013 Den personen skulle vara ber\u00e4ttigad till bel\u00f6ningen.<\/p>\n<p>expand-left<\/p>\n<p>helsk\u00e4rm<img decoding=\"async\" class=\"image-asset hyperion-css-u06ts1\" data-test-tag=\"image-asset\" src=\"https:\/\/www.europesays.com\/se\/wp-content\/uploads\/2025\/12\/556f40aa-ac6e-4481-8c7f-21ba1cbcd352\"  alt=\"Brown university.\"  loading=\"eager\" fetchpriority=\"high\" style=\"aspect-ratio:1024 \/ 683\"\/>Brown university. Foto: AP<\/p>\n","protected":false},"excerpt":{"rendered":"Uppdaterad 00.19 | Publicerad 2025-12-19 20.45 share-arrowDela unsaveSpara chevron-leftf\u00f6reg\u00e5ende expand-left helsk\u00e4rmchevron-rightn\u00e4staClaudio Neves Valente, 48, f\u00e5ngades p\u00e5 bild vid&hellip;\n","protected":false},"author":2,"featured_media":111746,"comment_status":"","ping_status":"","sticky":false,"template":"","format":"standard","meta":{"footnotes":""},"categories":[5],"tags":[22,23,26,27,17,21,24,25,28,29,15,16,18,34,31,33,32,30,19,20],"class_list":{"0":"post-111745","1":"post","2":"type-post","3":"status-publish","4":"format-standard","5":"has-post-thumbnail","7":"category-rubriker","8":"tag-breaking-news","9":"tag-breakingnews","10":"tag-featured-news","11":"tag-featurednews","12":"tag-headlines","13":"tag-huvudnyheter","14":"tag-latest-news","15":"tag-latestnews","16":"tag-main-news","17":"tag-mainnews","18":"tag-news","19":"tag-nyheter","20":"tag-rubriker","21":"tag-se","22":"tag-svenska","23":"tag-sverige","24":"tag-sweden","25":"tag-swedish","26":"tag-top-stories","27":"tag-topstories"},"share_on_mastodon":{"url":"https:\/\/pubeurope.com\/@se\/115750428621276171","error":""},"_links":{"self":[{"href":"https:\/\/www.europesays.com\/se\/wp-json\/wp\/v2\/posts\/111745","targetHints":{"allow":["GET"]}}],"collection":[{"href":"https:\/\/www.europesays.com\/se\/wp-json\/wp\/v2\/posts"}],"about":[{"href":"https:\/\/www.europesays.com\/se\/wp-json\/wp\/v2\/types\/post"}],"author":[{"embeddable":true,"href":"https:\/\/www.europesays.com\/se\/wp-json\/wp\/v2\/users\/2"}],"replies":[{"embeddable":true,"href":"https:\/\/www.europesays.com\/se\/wp-json\/wp\/v2\/comments?post=111745"}],"version-history":[{"count":0,"href":"https:\/\/www.europesays.com\/se\/wp-json\/wp\/v2\/posts\/111745\/revisions"}],"wp:featuredmedia":[{"embeddable":true,"href":"https:\/\/www.europesays.com\/se\/wp-json\/wp\/v2\/media\/111746"}],"wp:attachment":[{"href":"https:\/\/www.europesays.com\/se\/wp-json\/wp\/v2\/media?parent=111745"}],"wp:term":[{"taxonomy":"category","embeddable":true,"href":"https:\/\/www.europesays.com\/se\/wp-json\/wp\/v2\/categories?post=111745"},{"taxonomy":"post_tag","embeddable":true,"href":"https:\/\/www.europesays.com\/se\/wp-json\/wp\/v2\/tags?post=111745"}],"curies":[{"name":"wp","href":"https:\/\/api.w.org\/{rel}","templated":true}]}}