{"id":111751,"date":"2025-12-20T06:20:09","date_gmt":"2025-12-20T06:20:09","guid":{"rendered":"https:\/\/www.europesays.com\/se\/111751\/"},"modified":"2025-12-20T06:20:09","modified_gmt":"2025-12-20T06:20:09","slug":"varning-for-vind-och-sno-i-fjallen-2","status":"publish","type":"post","link":"https:\/\/www.europesays.com\/se\/111751\/","title":{"rendered":"Varning f\u00f6r vind och sn\u00f6 i fj\u00e4llen"},"content":{"rendered":"<p class=\"boxtextgrotesk-root_baa6 hyperion-css-7pajle\">Uppdaterad 02.28 | Publicerad 02.25<\/p>\n<p>share-arrowDela<\/p>\n<p>unsaveSpara<\/p>\n<p>expand-left<\/p>\n<p>helsk\u00e4rm<img decoding=\"async\" class=\"image-asset hyperion-css-u06ts1\" data-test-tag=\"image-asset\" src=\"https:\/\/www.europesays.com\/se\/wp-content\/uploads\/2025\/12\/4aee02d7-d573-40dd-857a-60d4b07e103e\"  alt=\"L\u00f6rdag eftermiddag och kv\u00e4ll ser ut att bjuda p\u00e5 besv\u00e4rligt v\u00e4der p\u00e5 kalfj\u00e4llet, enligt SMHI.\"  loading=\"eager\" fetchpriority=\"high\" style=\"aspect-ratio:1900 \/ 1263\"\/>L\u00f6rdag eftermiddag och kv\u00e4ll ser ut att bjuda p\u00e5 besv\u00e4rligt v\u00e4der p\u00e5 kalfj\u00e4llet, enligt SMHI. Foto: Paul Kleiven\/NTB\/TT<\/p>\n<p class=\"hyperion-css-1shl3oz\" data-test-tag=\"lead-text\">SMHI har utf\u00e4rdat en gul varning f\u00f6r vind i kombination med sn\u00f6fall p\u00e5 kalfj\u00e4llet i J\u00e4mtlandsfj\u00e4llen och sydligaste Lapplandsfj\u00e4llen under l\u00f6rdagen.<\/p>\n<p class=\"hyperion-css-1v9qo5x\">Besv\u00e4rligt v\u00e4der v\u00e4ntas under eftermiddag och kv\u00e4ll, med tilltagande nordv\u00e4stvind och tidvis byar av sn\u00f6 eller bl\u00f6tsn\u00f6.<\/p>\n<p class=\"hyperion-css-1v9qo5x\">St\u00e4ll in fj\u00e4llturen om du inte \u00e4r ordentligt fj\u00e4llvan, r\u00e5der SMHI, d\u00e5 det kan bli sv\u00e5rt att orientera sig n\u00e4r sikten f\u00f6rs\u00e4mras. Dessutom finns risk f\u00f6r f\u00f6rfrysningar och det kan vara sv\u00e5rt att att resa och f\u00f6rankra t\u00e4lt.<\/p>\n<p class=\"hyperion-css-1v9qo5x\">En gul v\u00e4dervarning inneb\u00e4r konsekvenser f\u00f6r samh\u00e4llet och vissa risker f\u00f6r allm\u00e4nheten.<\/p>\n","protected":false},"excerpt":{"rendered":"Uppdaterad 02.28 | Publicerad 02.25 share-arrowDela unsaveSpara expand-left helsk\u00e4rmL\u00f6rdag eftermiddag och kv\u00e4ll ser ut att bjuda p\u00e5 besv\u00e4rligt&hellip;\n","protected":false},"author":2,"featured_media":111752,"comment_status":"","ping_status":"","sticky":false,"template":"","format":"standard","meta":{"footnotes":""},"categories":[14],"tags":[22,23,26,27,17,21,24,25,28,29,15,16,18,34,31,33,32,30,19,20,51,52,53,54],"class_list":{"0":"post-111751","1":"post","2":"type-post","3":"status-publish","4":"format-standard","5":"has-post-thumbnail","7":"category-varlden","8":"tag-breaking-news","9":"tag-breakingnews","10":"tag-featured-news","11":"tag-featurednews","12":"tag-headlines","13":"tag-huvudnyheter","14":"tag-latest-news","15":"tag-latestnews","16":"tag-main-news","17":"tag-mainnews","18":"tag-news","19":"tag-nyheter","20":"tag-rubriker","21":"tag-se","22":"tag-svenska","23":"tag-sverige","24":"tag-sweden","25":"tag-swedish","26":"tag-top-stories","27":"tag-topstories","28":"tag-varlden","29":"tag-world","30":"tag-world-news","31":"tag-worldnews"},"share_on_mastodon":{"url":"https:\/\/pubeurope.com\/@se\/115750451733506674","error":""},"_links":{"self":[{"href":"https:\/\/www.europesays.com\/se\/wp-json\/wp\/v2\/posts\/111751","targetHints":{"allow":["GET"]}}],"collection":[{"href":"https:\/\/www.europesays.com\/se\/wp-json\/wp\/v2\/posts"}],"about":[{"href":"https:\/\/www.europesays.com\/se\/wp-json\/wp\/v2\/types\/post"}],"author":[{"embeddable":true,"href":"https:\/\/www.europesays.com\/se\/wp-json\/wp\/v2\/users\/2"}],"replies":[{"embeddable":true,"href":"https:\/\/www.europesays.com\/se\/wp-json\/wp\/v2\/comments?post=111751"}],"version-history":[{"count":0,"href":"https:\/\/www.europesays.com\/se\/wp-json\/wp\/v2\/posts\/111751\/revisions"}],"wp:featuredmedia":[{"embeddable":true,"href":"https:\/\/www.europesays.com\/se\/wp-json\/wp\/v2\/media\/111752"}],"wp:attachment":[{"href":"https:\/\/www.europesays.com\/se\/wp-json\/wp\/v2\/media?parent=111751"}],"wp:term":[{"taxonomy":"category","embeddable":true,"href":"https:\/\/www.europesays.com\/se\/wp-json\/wp\/v2\/categories?post=111751"},{"taxonomy":"post_tag","embeddable":true,"href":"https:\/\/www.europesays.com\/se\/wp-json\/wp\/v2\/tags?post=111751"}],"curies":[{"name":"wp","href":"https:\/\/api.w.org\/{rel}","templated":true}]}}