{"id":111753,"date":"2025-12-20T06:22:10","date_gmt":"2025-12-20T06:22:10","guid":{"rendered":"https:\/\/www.europesays.com\/se\/111753\/"},"modified":"2025-12-20T06:22:10","modified_gmt":"2025-12-20T06:22:10","slug":"saabs-gripenaffar-med-ukraina-hotad-efter-eu-beslut","status":"publish","type":"post","link":"https:\/\/www.europesays.com\/se\/111753\/","title":{"rendered":"Saabs Gripenaff\u00e4r med Ukraina hotad efter EU-beslut"},"content":{"rendered":"<p>Under torsdagen inleddes ett EU-toppm\u00f6te i Bryssel. Fr\u00e5gan som diskuterades var hur man ska f\u00e5 fram pengar till Ukraina, som annars v\u00e4ntas f\u00e5 slut p\u00e5 betalningsmedel inom n\u00e5gra m\u00e5nader.Ett f\u00f6rslag har varit att anv\u00e4nda frysta ryska tillg\u00e5ngar f\u00f6r att finansiera ett l\u00e5n till Ukraina. De frysta tillg\u00e5ngarna i EU uppskattas ha ett v\u00e4rde p\u00e5 210 miljarder euro, motsvarande<\/p>\n","protected":false},"excerpt":{"rendered":"Under torsdagen inleddes ett EU-toppm\u00f6te i Bryssel. Fr\u00e5gan som diskuterades var hur man ska f\u00e5 fram pengar till&hellip;\n","protected":false},"author":2,"featured_media":111754,"comment_status":"","ping_status":"","sticky":false,"template":"","format":"standard","meta":{"footnotes":""},"categories":[5],"tags":[22,23,26,27,17,21,24,25,28,29,15,16,18,34,31,33,32,30,19,20],"class_list":{"0":"post-111753","1":"post","2":"type-post","3":"status-publish","4":"format-standard","5":"has-post-thumbnail","7":"category-rubriker","8":"tag-breaking-news","9":"tag-breakingnews","10":"tag-featured-news","11":"tag-featurednews","12":"tag-headlines","13":"tag-huvudnyheter","14":"tag-latest-news","15":"tag-latestnews","16":"tag-main-news","17":"tag-mainnews","18":"tag-news","19":"tag-nyheter","20":"tag-rubriker","21":"tag-se","22":"tag-svenska","23":"tag-sverige","24":"tag-sweden","25":"tag-swedish","26":"tag-top-stories","27":"tag-topstories"},"share_on_mastodon":{"url":"https:\/\/pubeurope.com\/@se\/115750459351793853","error":""},"_links":{"self":[{"href":"https:\/\/www.europesays.com\/se\/wp-json\/wp\/v2\/posts\/111753","targetHints":{"allow":["GET"]}}],"collection":[{"href":"https:\/\/www.europesays.com\/se\/wp-json\/wp\/v2\/posts"}],"about":[{"href":"https:\/\/www.europesays.com\/se\/wp-json\/wp\/v2\/types\/post"}],"author":[{"embeddable":true,"href":"https:\/\/www.europesays.com\/se\/wp-json\/wp\/v2\/users\/2"}],"replies":[{"embeddable":true,"href":"https:\/\/www.europesays.com\/se\/wp-json\/wp\/v2\/comments?post=111753"}],"version-history":[{"count":0,"href":"https:\/\/www.europesays.com\/se\/wp-json\/wp\/v2\/posts\/111753\/revisions"}],"wp:featuredmedia":[{"embeddable":true,"href":"https:\/\/www.europesays.com\/se\/wp-json\/wp\/v2\/media\/111754"}],"wp:attachment":[{"href":"https:\/\/www.europesays.com\/se\/wp-json\/wp\/v2\/media?parent=111753"}],"wp:term":[{"taxonomy":"category","embeddable":true,"href":"https:\/\/www.europesays.com\/se\/wp-json\/wp\/v2\/categories?post=111753"},{"taxonomy":"post_tag","embeddable":true,"href":"https:\/\/www.europesays.com\/se\/wp-json\/wp\/v2\/tags?post=111753"}],"curies":[{"name":"wp","href":"https:\/\/api.w.org\/{rel}","templated":true}]}}