{"id":111768,"date":"2025-12-20T06:35:11","date_gmt":"2025-12-20T06:35:11","guid":{"rendered":"https:\/\/www.europesays.com\/se\/111768\/"},"modified":"2025-12-20T06:35:11","modified_gmt":"2025-12-20T06:35:11","slug":"domstol-river-upp-beslut-ger-tillbaka-musks-jattebonus","status":"publish","type":"post","link":"https:\/\/www.europesays.com\/se\/111768\/","title":{"rendered":"Domstol river upp beslut \u2013 ger tillbaka Musks j\u00e4ttebonus"},"content":{"rendered":"<p>Elon Musk f\u00e5r tillbaka sitt omstridda bonuspaket p\u00e5 56 miljarder dollar, runt 520 miljarder kronor, fr\u00e5n 2018 sl\u00e5r h\u00f6gsta instansen i Delaware fast, rapporterar flera medier. F\u00f6rutom att riva upp den l\u00e4gre instansens beslut tilldelas Musk 1 miljon dollar i nominellt skadest\u00e5nd, skriver CNBC.<\/p>\n<p>I motiveringen skriver domstolen att \u00e5tg\u00e4rden att underk\u00e4nna den d\u00e5 rekordstora bonusen var f\u00f6r extrem och Tesla fick heller ingen m\u00f6jlighet att s\u00e4ga vad en r\u00e4ttvis ers\u00e4ttning borde vara. D\u00e4rmed ser den \u00e5rsl\u00e5nga bonusstriden ut att vara \u00f6ver, skriver kanalen.<\/p>\n<p>I somras lovades Musk ett \u00e4nnu st\u00f6rre bonuspaket p\u00e5 1\u202f000 miljarder dollar, om en l\u00e5ng rad h\u00f6gt uppsatta finansiella m\u00e5l uppn\u00e5s. <\/p>\n<p>Omni \u00e4r politiskt obundna och oberoende. Vi str\u00e4var efter att ge fler perspektiv p\u00e5 nyheterna. Har du fr\u00e5gor eller synpunkter kring v\u00e5r rapportering? <a href=\"https:\/\/omni.se\/domstol-river-upp-beslut-ger-tillbaka-musks-bonus\/a\/mailto:redaktion@omni.se\" class=\"ArticleActions_contactLink__W2F1M\" rel=\"nofollow noopener\" target=\"_blank\">Kontakta redaktionen<\/a><\/p>\n","protected":false},"excerpt":{"rendered":"Elon Musk f\u00e5r tillbaka sitt omstridda bonuspaket p\u00e5 56 miljarder dollar, runt 520 miljarder kronor, fr\u00e5n 2018 sl\u00e5r&hellip;\n","protected":false},"author":2,"featured_media":111769,"comment_status":"","ping_status":"","sticky":false,"template":"","format":"standard","meta":{"footnotes":""},"categories":[65],"tags":[72,70,71,1331,704,938,268,34,31,33,32,30,396,74],"class_list":{"0":"post-111768","1":"post","2":"type-post","3":"status-publish","4":"format-standard","5":"has-post-thumbnail","7":"category-ekonomi","8":"tag-business","9":"tag-economy","10":"tag-ekonomi","11":"tag-elbilar","12":"tag-elon-musk","13":"tag-fordon-transport","14":"tag-nordamerika","15":"tag-se","16":"tag-svenska","17":"tag-sverige","18":"tag-sweden","19":"tag-swedish","20":"tag-tesla","21":"tag-usa"},"share_on_mastodon":{"url":"https:\/\/pubeurope.com\/@se\/115750510484856422","error":""},"_links":{"self":[{"href":"https:\/\/www.europesays.com\/se\/wp-json\/wp\/v2\/posts\/111768","targetHints":{"allow":["GET"]}}],"collection":[{"href":"https:\/\/www.europesays.com\/se\/wp-json\/wp\/v2\/posts"}],"about":[{"href":"https:\/\/www.europesays.com\/se\/wp-json\/wp\/v2\/types\/post"}],"author":[{"embeddable":true,"href":"https:\/\/www.europesays.com\/se\/wp-json\/wp\/v2\/users\/2"}],"replies":[{"embeddable":true,"href":"https:\/\/www.europesays.com\/se\/wp-json\/wp\/v2\/comments?post=111768"}],"version-history":[{"count":0,"href":"https:\/\/www.europesays.com\/se\/wp-json\/wp\/v2\/posts\/111768\/revisions"}],"wp:featuredmedia":[{"embeddable":true,"href":"https:\/\/www.europesays.com\/se\/wp-json\/wp\/v2\/media\/111769"}],"wp:attachment":[{"href":"https:\/\/www.europesays.com\/se\/wp-json\/wp\/v2\/media?parent=111768"}],"wp:term":[{"taxonomy":"category","embeddable":true,"href":"https:\/\/www.europesays.com\/se\/wp-json\/wp\/v2\/categories?post=111768"},{"taxonomy":"post_tag","embeddable":true,"href":"https:\/\/www.europesays.com\/se\/wp-json\/wp\/v2\/tags?post=111768"}],"curies":[{"name":"wp","href":"https:\/\/api.w.org\/{rel}","templated":true}]}}