{"id":111772,"date":"2025-12-20T06:38:13","date_gmt":"2025-12-20T06:38:13","guid":{"rendered":"https:\/\/www.europesays.com\/se\/111772\/"},"modified":"2025-12-20T06:38:13","modified_gmt":"2025-12-20T06:38:13","slug":"expressen-direkt-senaste-nytt-i-korthet-1016","status":"publish","type":"post","link":"https:\/\/www.europesays.com\/se\/111772\/","title":{"rendered":"Expressen Direkt \u2013 senaste nytt i korthet"},"content":{"rendered":"<p>Morgonens nyheterClinton \u00f6verallt i Epsteindokumenten \u2013 Trump saknas<\/p>\n<p>Nya dokument fr\u00e5n Epstein-utredningarna visar att det finns massor av bilder p\u00e5 Bill Clinton, bland annat fr\u00e5n resor till Bali och Brunei, samt n\u00e4r han badar med Ghislaine Maxwell och ok\u00e4nda kvinnor. Samtidigt syns Donald Trump knappt alls i materialet, trots hans tidigare v\u00e4nskap med Epstein. Bill Clintons bitr\u00e4dande stabschef Angel Ure\u00f1a s\u00e4ger att Clinton inte k\u00e4nde till Epsteins brott och br\u00f6t kontakten innan de blev k\u00e4nda. Clinton har tidigare erk\u00e4nt att han flugit med Epsteins plan, men \u00e5ngrar att han n\u00e5gonsin tr\u00e4ffade honom.<\/p>\n<p><strong>L\u00e4s mer<\/strong>: <a href=\"https:\/\/www.expressen.se\/nyheter\/varlden\/nya-bilderna-pa-bill-clinton-i-epstein-dokumenten\/\" target=\"_top\" rel=\"nofollow noopener\">Clinton \u00f6verallt i Epsteindokument<\/a><\/p>\n<p>V\u00e5ldt\u00e4kten p\u00e5 100-\u00e5ringen var &#8221;inte f\u00f6rnedrande&#8221; \u2013 ilskan<\/p>\n<p>Efter att hemtj\u00e4nstmannen Shakir Mahmoud Shakir d\u00f6mts f\u00f6r v\u00e5ldt\u00e4kt p\u00e5 en hundra\u00e5rig kvinna i hennes hem, f\u00f6resl\u00e5r Monica Ekstr\u00f6m fr\u00e5n Brottsofferjouren att en ny brottsrubricering, &#8221;\u00e4ldrev\u00e5ldt\u00e4kt&#8221;, utreds. Tingsr\u00e4tten ans\u00e5g att v\u00e5ldt\u00e4kten inte var grov eftersom det saknades &#8221;f\u00f6r\u00f6dmjukande eller f\u00f6rnedrande inslag&#8221;, vilket v\u00e4ckt stark kritik. Shakir d\u00f6mdes till fyra \u00e5rs f\u00e4ngelse men utvisas inte, och Ekstr\u00f6m menar att \u00e4ldre, precis som barn, ofta \u00e4r i beroendest\u00e4llning till f\u00f6r\u00f6varen och beh\u00f6ver s\u00e4rskilt skydd i lagen. N\u00e4stan fyrahundra v\u00e5ldt\u00e4kter mot kvinnor \u00f6ver sextio \u00e5r har anm\u00e4lts i Sverige de senaste \u00e5ren, och m\u00f6rkertalet tros vara stort.<\/p>\n<p><strong>L\u00e4s mer:<\/strong> <a href=\"https:\/\/www.expressen.se\/nyheter\/sverige\/kravet-efter-domen--infor-aldrevaldtakt\/\" target=\"_top\" rel=\"nofollow noopener\">Ilskan efter domen efter v\u00e5lt\u00e4kt p\u00e5 100-\u00e5ring<\/a><\/p>\n<p>USA attackerar IS-m\u00e5l i Syrien<\/p>\n<p>USA:s president Donald Trump har bekr\u00e4ftat att landet genomf\u00f6rt en &#8221;v\u00e4ldigt allvarlig h\u00e4mnd&#8221; mot IS i Syrien efter att tre amerikaner d\u00f6dats d\u00e4r. P\u00e5 Truth Social skriver Trump att platsen som attackerats har en ljus framtid om IS kan utrotas. USA:s f\u00f6rsvarsminister Pete Hegseth har tidigare meddelat att insatser inletts f\u00f6r att eliminera IS, och Pentagonchefen s\u00e4ger att angreppen riktar in sig p\u00e5 misst\u00e4nkta IS-medlemmar, infrastruktur och vapendep\u00e5er.<\/p>\n<p><strong>L\u00e4s mer:\u00a0<\/strong><a href=\"https:\/\/www.expressen.se\/nyheter\/expressen-direkt\/?post=81168781-ac8a-4a1b-aff2-d6c26bae28cd\" target=\"_top\" rel=\"nofollow noopener\">Trumpadministrationen har attackerat IS-bas i Syrien<\/a><\/p>\n","protected":false},"excerpt":{"rendered":"Morgonens nyheterClinton \u00f6verallt i Epsteindokumenten \u2013 Trump saknas Nya dokument fr\u00e5n Epstein-utredningarna visar att det finns massor av&hellip;\n","protected":false},"author":2,"featured_media":62410,"comment_status":"","ping_status":"","sticky":false,"template":"","format":"standard","meta":{"footnotes":""},"categories":[5],"tags":[22,23,26,27,17,21,24,25,28,29,15,16,18,34,31,33,32,30,19,20],"class_list":{"0":"post-111772","1":"post","2":"type-post","3":"status-publish","4":"format-standard","5":"has-post-thumbnail","7":"category-rubriker","8":"tag-breaking-news","9":"tag-breakingnews","10":"tag-featured-news","11":"tag-featurednews","12":"tag-headlines","13":"tag-huvudnyheter","14":"tag-latest-news","15":"tag-latestnews","16":"tag-main-news","17":"tag-mainnews","18":"tag-news","19":"tag-nyheter","20":"tag-rubriker","21":"tag-se","22":"tag-svenska","23":"tag-sverige","24":"tag-sweden","25":"tag-swedish","26":"tag-top-stories","27":"tag-topstories"},"share_on_mastodon":{"url":"https:\/\/pubeurope.com\/@se\/115750522272900957","error":""},"_links":{"self":[{"href":"https:\/\/www.europesays.com\/se\/wp-json\/wp\/v2\/posts\/111772","targetHints":{"allow":["GET"]}}],"collection":[{"href":"https:\/\/www.europesays.com\/se\/wp-json\/wp\/v2\/posts"}],"about":[{"href":"https:\/\/www.europesays.com\/se\/wp-json\/wp\/v2\/types\/post"}],"author":[{"embeddable":true,"href":"https:\/\/www.europesays.com\/se\/wp-json\/wp\/v2\/users\/2"}],"replies":[{"embeddable":true,"href":"https:\/\/www.europesays.com\/se\/wp-json\/wp\/v2\/comments?post=111772"}],"version-history":[{"count":0,"href":"https:\/\/www.europesays.com\/se\/wp-json\/wp\/v2\/posts\/111772\/revisions"}],"wp:featuredmedia":[{"embeddable":true,"href":"https:\/\/www.europesays.com\/se\/wp-json\/wp\/v2\/media\/62410"}],"wp:attachment":[{"href":"https:\/\/www.europesays.com\/se\/wp-json\/wp\/v2\/media?parent=111772"}],"wp:term":[{"taxonomy":"category","embeddable":true,"href":"https:\/\/www.europesays.com\/se\/wp-json\/wp\/v2\/categories?post=111772"},{"taxonomy":"post_tag","embeddable":true,"href":"https:\/\/www.europesays.com\/se\/wp-json\/wp\/v2\/tags?post=111772"}],"curies":[{"name":"wp","href":"https:\/\/api.w.org\/{rel}","templated":true}]}}