{"id":111786,"date":"2025-12-20T06:56:07","date_gmt":"2025-12-20T06:56:07","guid":{"rendered":"https:\/\/www.europesays.com\/se\/111786\/"},"modified":"2025-12-20T06:56:07","modified_gmt":"2025-12-20T06:56:07","slug":"marchment-i-bytesaffar-fran-kraken-till-blue-jackets","status":"publish","type":"post","link":"https:\/\/www.europesays.com\/se\/111786\/","title":{"rendered":"Marchment i bytesaff\u00e4r fr\u00e5n Kraken till Blue Jackets"},"content":{"rendered":"<p>Columbus Blue Jackets och Seattle Kraken genomf\u00f6rde under l\u00f6rdagen en bytesaff\u00e4r.<\/p>\n<p>Kraken skickade forwarden Mason Marchment till Blue Jackets och erh\u00f6ll ett val i andra rundan av 2027 \u00e5rs NHL-draft och ett val i fj\u00e4rde rundan av 2026 \u00e5rs NHL-draft i utbyte.<\/p>\n<p>Draftvalet fr\u00e5n 2026 tillh\u00f6rde fr\u00e5n b\u00f6rjan New York Rangers.<\/p>\n<p>Marchment, 30, har st\u00e5tt f\u00f6r 13 po\u00e4ng (4+9) p\u00e5 29 matcher den h\u00e4r s\u00e4songen. Forwarden kom till Seattle fr\u00e5n Dallas Stars den 19 juni i \u00e5r, i utbyte mot tv\u00e5 draftval.<\/p>\n<p>Marchment fullg\u00f6r den h\u00e4r s\u00e4songen sista \u00e5ret p\u00e5 det fyra\u00e5rskontrakt v\u00e4rt 18 miljoner dollar (4,5 miljoner dollar per s\u00e4song) han skrev p\u00e5 f\u00f6r Dallas Stars den 13 juli 2022 och blir s\u00e5ledes unrestricted free agent kommande sommar.<\/p>\n<p>Forwarden har hittills i sin karri\u00e4r st\u00e5tt f\u00f6r 202 po\u00e4ng (80+122) p\u00e5 331 matcher med Toronto Maple Leafs, Florida Panthers, Stars och Kraken.<\/p>\n","protected":false},"excerpt":{"rendered":"Columbus Blue Jackets och Seattle Kraken genomf\u00f6rde under l\u00f6rdagen en bytesaff\u00e4r. Kraken skickade forwarden Mason Marchment till Blue&hellip;\n","protected":false},"author":2,"featured_media":111787,"comment_status":"","ping_status":"","sticky":false,"template":"","format":"standard","meta":{"footnotes":""},"categories":[5],"tags":[22,23,26,27,17,21,24,25,28,29,15,16,18,34,31,33,32,30,19,20],"class_list":{"0":"post-111786","1":"post","2":"type-post","3":"status-publish","4":"format-standard","5":"has-post-thumbnail","7":"category-rubriker","8":"tag-breaking-news","9":"tag-breakingnews","10":"tag-featured-news","11":"tag-featurednews","12":"tag-headlines","13":"tag-huvudnyheter","14":"tag-latest-news","15":"tag-latestnews","16":"tag-main-news","17":"tag-mainnews","18":"tag-news","19":"tag-nyheter","20":"tag-rubriker","21":"tag-se","22":"tag-svenska","23":"tag-sverige","24":"tag-sweden","25":"tag-swedish","26":"tag-top-stories","27":"tag-topstories"},"share_on_mastodon":{"url":"https:\/\/pubeurope.com\/@se\/115750593058351357","error":""},"_links":{"self":[{"href":"https:\/\/www.europesays.com\/se\/wp-json\/wp\/v2\/posts\/111786","targetHints":{"allow":["GET"]}}],"collection":[{"href":"https:\/\/www.europesays.com\/se\/wp-json\/wp\/v2\/posts"}],"about":[{"href":"https:\/\/www.europesays.com\/se\/wp-json\/wp\/v2\/types\/post"}],"author":[{"embeddable":true,"href":"https:\/\/www.europesays.com\/se\/wp-json\/wp\/v2\/users\/2"}],"replies":[{"embeddable":true,"href":"https:\/\/www.europesays.com\/se\/wp-json\/wp\/v2\/comments?post=111786"}],"version-history":[{"count":0,"href":"https:\/\/www.europesays.com\/se\/wp-json\/wp\/v2\/posts\/111786\/revisions"}],"wp:featuredmedia":[{"embeddable":true,"href":"https:\/\/www.europesays.com\/se\/wp-json\/wp\/v2\/media\/111787"}],"wp:attachment":[{"href":"https:\/\/www.europesays.com\/se\/wp-json\/wp\/v2\/media?parent=111786"}],"wp:term":[{"taxonomy":"category","embeddable":true,"href":"https:\/\/www.europesays.com\/se\/wp-json\/wp\/v2\/categories?post=111786"},{"taxonomy":"post_tag","embeddable":true,"href":"https:\/\/www.europesays.com\/se\/wp-json\/wp\/v2\/tags?post=111786"}],"curies":[{"name":"wp","href":"https:\/\/api.w.org\/{rel}","templated":true}]}}