{"id":111794,"date":"2025-12-20T07:06:14","date_gmt":"2025-12-20T07:06:14","guid":{"rendered":"https:\/\/www.europesays.com\/se\/111794\/"},"modified":"2025-12-20T07:06:14","modified_gmt":"2025-12-20T07:06:14","slug":"andreas-brannstrom-inte-overens-med-kups-overgangen-spricker","status":"publish","type":"post","link":"https:\/\/www.europesays.com\/se\/111794\/","title":{"rendered":"Andreas Br\u00e4nnstr\u00f6m inte \u00f6verens med KuPS \u2013 \u00f6verg\u00e5ngen spricker"},"content":{"rendered":"<p>Publicerad 19 dec 2025 kl 13.44Uppdaterad kl 16.29<\/p>\n<p>KuPS f\u00f6rhandlingar med Andreas Br\u00e4nnstr\u00f6m har brakat samman.<\/p>\n<p>Enligt uppgifter till Expressen kom parterna inte \u00f6verens om alla delar i svenskens kontrakt \u2013 d\u00e4r han bland annat inte fick ta med sig en assisterande tr\u00e4nare.<\/p>\n<p><img   alt=\"\"\/> <\/p>\n<p>Foto: FREDRIK KARLSSON \/ BILDBYR\u00c5N<\/p>\n<p>\u00d6ppna bild i helsk\u00e4rm<\/p>\n<p>KuPS har under vintern s\u00f6kt efter en ny huvudtr\u00e4nare. Expressen har i omg\u00e5ngar rapporterat att <a href=\"https:\/\/www.expressen.se\/tagg\/person\/andreas-brannstrom\/\" class=\"\" rel=\"nofollow noopener\" target=\"_blank\">Andreas Br\u00e4nnstr\u00f6m<\/a> varit finska klubbens huvudsp\u00e5r i jakten.<\/p>\n<p><a href=\"https:\/\/www.expressen.se\/sport\/fotboll\/andreas-brannstrom-pa-vag-att-ta-over-finska-mastarna\/\" rel=\"nofollow noopener\" target=\"_blank\">Tidigare i veckan \u00e5terstod bara detaljer<\/a> innan Br\u00e4nnstr\u00f6m skulle resa till Finland f\u00f6r att ta \u00f6ver m\u00e4starklubben, som i g\u00e5r, s\u00e4krade avancemang i Europa Conference League.<\/p>\n<p>Nu st\u00e5r det klart att \u201dBr\u00e4nnan\u201d inte tar \u00f6ver KuPS, utan att den finska klubben i st\u00e4llet anst\u00e4ller Miika Nuutinen, n\u00e5got som blev officiellt under fredagen.<\/p>\n<p>D\u00e4rf\u00f6r sprack flytten<\/p>\n<p>Enligt uppgifter till Expressen \u00e4r sk\u00e4let till att slutf\u00f6rhandlingarna med Br\u00e4nnstr\u00f6m brakat samman att parterna inte kom \u00f6verens om alla delar i svenskens kontrakt.<\/p>\n<p>En vital punkt har varit att Br\u00e4nnstr\u00f6m velat ta med sig en egen assisterande tr\u00e4nare, n\u00e5got som KuPS valt att inte bevilja.<\/p>\n<p>Det har gjort att parterna valt att avsluta samtalen \u2013 och att KuPS d\u00e4rf\u00f6r till slut valt att anst\u00e4lla Nuutinen som n\u00e4rmast ansluter fr\u00e5n HJK.<\/p>\n","protected":false},"excerpt":{"rendered":"Publicerad 19 dec 2025 kl 13.44Uppdaterad kl 16.29 KuPS f\u00f6rhandlingar med Andreas Br\u00e4nnstr\u00f6m har brakat samman. Enligt uppgifter&hellip;\n","protected":false},"author":2,"featured_media":111795,"comment_status":"","ping_status":"","sticky":false,"template":"","format":"standard","meta":{"footnotes":""},"categories":[68],"tags":[11960,34,130,129,111,110,31,33,32,30],"class_list":{"0":"post-111794","1":"post","2":"type-post","3":"status-publish","4":"format-standard","5":"has-post-thumbnail","7":"category-sport","8":"tag-person-andreas-brannstrom","9":"tag-se","10":"tag-sections-allsvenskan","11":"tag-sections-fotboll","12":"tag-sport","13":"tag-sports","14":"tag-svenska","15":"tag-sverige","16":"tag-sweden","17":"tag-swedish"},"share_on_mastodon":{"url":"https:\/\/pubeurope.com\/@se\/115750632338269752","error":""},"_links":{"self":[{"href":"https:\/\/www.europesays.com\/se\/wp-json\/wp\/v2\/posts\/111794","targetHints":{"allow":["GET"]}}],"collection":[{"href":"https:\/\/www.europesays.com\/se\/wp-json\/wp\/v2\/posts"}],"about":[{"href":"https:\/\/www.europesays.com\/se\/wp-json\/wp\/v2\/types\/post"}],"author":[{"embeddable":true,"href":"https:\/\/www.europesays.com\/se\/wp-json\/wp\/v2\/users\/2"}],"replies":[{"embeddable":true,"href":"https:\/\/www.europesays.com\/se\/wp-json\/wp\/v2\/comments?post=111794"}],"version-history":[{"count":0,"href":"https:\/\/www.europesays.com\/se\/wp-json\/wp\/v2\/posts\/111794\/revisions"}],"wp:featuredmedia":[{"embeddable":true,"href":"https:\/\/www.europesays.com\/se\/wp-json\/wp\/v2\/media\/111795"}],"wp:attachment":[{"href":"https:\/\/www.europesays.com\/se\/wp-json\/wp\/v2\/media?parent=111794"}],"wp:term":[{"taxonomy":"category","embeddable":true,"href":"https:\/\/www.europesays.com\/se\/wp-json\/wp\/v2\/categories?post=111794"},{"taxonomy":"post_tag","embeddable":true,"href":"https:\/\/www.europesays.com\/se\/wp-json\/wp\/v2\/tags?post=111794"}],"curies":[{"name":"wp","href":"https:\/\/api.w.org\/{rel}","templated":true}]}}