{"id":111798,"date":"2025-12-20T07:14:13","date_gmt":"2025-12-20T07:14:13","guid":{"rendered":"https:\/\/www.europesays.com\/se\/111798\/"},"modified":"2025-12-20T07:14:13","modified_gmt":"2025-12-20T07:14:13","slug":"elton-hermansson-bakom-modos-vandning-mot-sodertalje-sk","status":"publish","type":"post","link":"https:\/\/www.europesays.com\/se\/111798\/","title":{"rendered":"Elton Hermansson bakom MoDos v\u00e4ndning mot S\u00f6dert\u00e4lje SK"},"content":{"rendered":"<p><strong>MoDo har studsat tillbaka.<br \/>Efter fredagens seger i S\u00f6dert\u00e4lje har man nu vunnit fyra av de fem senaste matcherna.<br \/>Bakom segern l\u00e5g inte minst den 17-\u00e5rige talangen Elton Hermansson.<\/strong><\/p>\n<p><img loading=\"lazy\" decoding=\"async\" width=\"1024\" height=\"682\" src=\"https:\/\/www.europesays.com\/se\/wp-content\/uploads\/2025\/12\/BB251219JZ012-1024x682.webp.webp\" alt=\"\" class=\"wp-image-338131\"  \/>Elton Hermansson stod f\u00f6r en fin match i S\u00f6dert\u00e4lje.<br \/>\nFoto: Jesper Zerman \/ BILDBYR\u00c5N \/ kod JZ \/ JZ0656<\/p>\n<p><a href=\"https:\/\/hockeysverige.se\/klubb\/sodertalje-sk\" rel=\"nofollow noopener\" target=\"_blank\">S\u00f6dert\u00e4lje<\/a> har de senaste veckorna l\u00e4mnat bottenstriden och \u00e4r nu p\u00e5 en play-in plats i <a href=\"https:\/\/hockeysverige.se\/hockeyallsvenskan\" rel=\"nofollow noopener\" target=\"_blank\">Hockeyallsvenskan<\/a>.<\/p>\n<p>Ledningsm\u00e5let mot <a href=\"https:\/\/hockeysverige.se\/klubb\/modo-hockey\" rel=\"nofollow noopener\" target=\"_blank\">MoDo<\/a> p\u00e5 fredagen kom till genom Filip Engar\u00e5s fter ett underm\u00e5ligt f\u00f6rsvarsspel fr\u00e5n \u00c5ngermanl\u00e4nningarna.<\/p>\n<p>\u2013\u00a0Det \u00e4r bedr\u00f6vligt f\u00f6rsvarsspel av MoDo. Man stirrar puck, r\u00e4knar fel och hamnar helt snett och det blir vid\u00f6ppet f\u00f6r Engar\u00e5s, konstaterar Fredrik S\u00f6derstr\u00f6m i TV4.<\/p>\n<p>MoDos positiva trend forts\u00e4tter<\/p>\n<p>Det skulle dock v\u00e4nda f\u00f6r MoDo \u2013 som gjorde tre obesvarade m\u00e5l och hade med sig en stabil 3\u20131 ledning inf\u00f6r den sista perioden. <\/p>\n<p>Inte minst efter att 17-\u00e5rige <a href=\"https:\/\/hockeysverige.se\/spelare\/elton-hermansson\" rel=\"nofollow noopener\" target=\"_blank\">Elton Hermansson<\/a> st\u00e5tt f\u00f6r ett m\u00e5l och i \u00f6vrigt gjort en riktigt stark match.<\/p>\n<p>\u00d6vriga m\u00e5lskyttar f\u00f6r MoDo i 3\u20131 segern blev <a href=\"https:\/\/hockeysverige.se\/spelare\/jesper-olofsson\" rel=\"nofollow noopener\" target=\"_blank\">Jesper Olofsson<\/a> och <a href=\"https:\/\/hockeysverige.se\/spelare\/tyler-kelleher\" rel=\"nofollow noopener\" target=\"_blank\">Tyler Kelleher<\/a>. Segern var MoDos tredje p\u00e5 fyra matcher sedan Mattias Karlin fick sparken. Den enda f\u00f6rlusten kom efter f\u00f6rl\u00e4ngning i Kalmar f\u00f6rra fredagen.<\/p>\n<p>Insatsen i kv\u00e4ll fick hyllande ord i TV4.<\/p>\n<p>\u2013\u00a0Den b\u00e4sta matchen under Fredrik Andersson, s\u00e4ger Adam Johansson i studion.<\/p>\n<p>Dessutom har man nu tagit po\u00e4ng i sex raka bortamatcher.<\/p>\n","protected":false},"excerpt":{"rendered":"MoDo har studsat tillbaka.Efter fredagens seger i S\u00f6dert\u00e4lje har man nu vunnit fyra av de fem senaste matcherna.Bakom&hellip;\n","protected":false},"author":2,"featured_media":111799,"comment_status":"","ping_status":"","sticky":false,"template":"","format":"standard","meta":{"footnotes":""},"categories":[68],"tags":[621,34,133,111,110,31,33,32,30],"class_list":{"0":"post-111798","1":"post","2":"type-post","3":"status-publish","4":"format-standard","5":"has-post-thumbnail","7":"category-sport","8":"tag-hockeyallsvenskan","9":"tag-se","10":"tag-second-news","11":"tag-sport","12":"tag-sports","13":"tag-svenska","14":"tag-sverige","15":"tag-sweden","16":"tag-swedish"},"share_on_mastodon":{"url":"https:\/\/pubeurope.com\/@se\/115750664196413880","error":""},"_links":{"self":[{"href":"https:\/\/www.europesays.com\/se\/wp-json\/wp\/v2\/posts\/111798","targetHints":{"allow":["GET"]}}],"collection":[{"href":"https:\/\/www.europesays.com\/se\/wp-json\/wp\/v2\/posts"}],"about":[{"href":"https:\/\/www.europesays.com\/se\/wp-json\/wp\/v2\/types\/post"}],"author":[{"embeddable":true,"href":"https:\/\/www.europesays.com\/se\/wp-json\/wp\/v2\/users\/2"}],"replies":[{"embeddable":true,"href":"https:\/\/www.europesays.com\/se\/wp-json\/wp\/v2\/comments?post=111798"}],"version-history":[{"count":0,"href":"https:\/\/www.europesays.com\/se\/wp-json\/wp\/v2\/posts\/111798\/revisions"}],"wp:featuredmedia":[{"embeddable":true,"href":"https:\/\/www.europesays.com\/se\/wp-json\/wp\/v2\/media\/111799"}],"wp:attachment":[{"href":"https:\/\/www.europesays.com\/se\/wp-json\/wp\/v2\/media?parent=111798"}],"wp:term":[{"taxonomy":"category","embeddable":true,"href":"https:\/\/www.europesays.com\/se\/wp-json\/wp\/v2\/categories?post=111798"},{"taxonomy":"post_tag","embeddable":true,"href":"https:\/\/www.europesays.com\/se\/wp-json\/wp\/v2\/tags?post=111798"}],"curies":[{"name":"wp","href":"https:\/\/api.w.org\/{rel}","templated":true}]}}