{"id":111804,"date":"2025-12-20T07:29:04","date_gmt":"2025-12-20T07:29:04","guid":{"rendered":"https:\/\/www.europesays.com\/se\/111804\/"},"modified":"2025-12-20T07:29:04","modified_gmt":"2025-12-20T07:29:04","slug":"20-december-08-14-sammanfattning-natt-orebro-lan","status":"publish","type":"post","link":"https:\/\/www.europesays.com\/se\/111804\/","title":{"rendered":"20 december 08.14, Sammanfattning natt, \u00d6rebro l\u00e4n"},"content":{"rendered":"<p>22.03 \u00d6rebro. Misshandel. Man i fyrtiofem\u00e5rs\u00e5ldern gripen misst\u00e4nkt f\u00f6r misshandel av kvinna i fyrtio\u00e5rs\u00e5ldern med vilken han tidigare haft en relation. Han misst\u00e4nks \u00e4ven f\u00f6r barnfridsbrott i fyra fall d\u00e5 barn fanns p\u00e5 adressen.<\/p>\n<p>23.12 \u00d6rebro. Skadeg\u00f6relse, olaga hot. Tv\u00e5 m\u00e4n i trettio- respektive fyrtio\u00e5rs\u00e5ldern misst\u00e4nks f\u00f6r skadeg\u00f6relse. Mannen i tretti\u00e5rs\u00e5ldern \u00e4ven f\u00f6r olaga hot. M\u00e4nnen ska f\u00f6rst\u00f6rt tv\u00e5 bord inne p\u00e5 en krog i centrala \u00d6rebro. En av m\u00e4nnen ska \u00e4ven ha hotat en kvinna i fyrtio\u00e5rs\u00e5ldern.<\/p>\n<p>01.54 \u00d6rebro. V\u00e5ld\/hot mot tj\u00e4nsteman. En man i tjugo\u00e5rs\u00e5ldern misst\u00e4nks f\u00f6r v\u00e5ld och hot mot tj\u00e4nsteman efter att ha br\u00e5kat med en ordningsvakt p\u00e5 krog i \u00d6rebro. Mannen omh\u00e4ndertagen f\u00f6r fylleri.<\/p>\n<p>02.30 Karlskoga. Rattfylleri. Man i fyrtio\u00e5rs\u00e5ldern misst\u00e4nkt f\u00f6r drograttfylleri, grov olovlig k\u00f6rning samt ringa narkotikabrott eget bruk.<\/p>\n<p>03.25 \u00d6rebro. Trafikolycka. Personbil voltat i Tysslinge. Man i tjugo\u00e5rs\u00e5ldern delvis fastkl\u00e4md under bilen. Vaken och talbar, f\u00f6rd till sjukhus. Misstanke rattfylleri.<\/p>\n<p>I \u00f6vrigt rutin\u00e4renden och n\u00e5gra utrednings\u00e4renden som inte kan kommuniceras i nul\u00e4get.<\/p>\n","protected":false},"excerpt":{"rendered":"22.03 \u00d6rebro. Misshandel. Man i fyrtiofem\u00e5rs\u00e5ldern gripen misst\u00e4nkt f\u00f6r misshandel av kvinna i fyrtio\u00e5rs\u00e5ldern med vilken han tidigare&hellip;\n","protected":false},"author":2,"featured_media":54,"comment_status":"","ping_status":"","sticky":false,"template":"","format":"standard","meta":{"footnotes":""},"categories":[5],"tags":[22,23,26,27,17,21,24,25,28,29,15,16,18,34,31,33,32,30,19,20],"class_list":{"0":"post-111804","1":"post","2":"type-post","3":"status-publish","4":"format-standard","5":"has-post-thumbnail","7":"category-rubriker","8":"tag-breaking-news","9":"tag-breakingnews","10":"tag-featured-news","11":"tag-featurednews","12":"tag-headlines","13":"tag-huvudnyheter","14":"tag-latest-news","15":"tag-latestnews","16":"tag-main-news","17":"tag-mainnews","18":"tag-news","19":"tag-nyheter","20":"tag-rubriker","21":"tag-se","22":"tag-svenska","23":"tag-sverige","24":"tag-sweden","25":"tag-swedish","26":"tag-top-stories","27":"tag-topstories"},"share_on_mastodon":{"url":"https:\/\/pubeurope.com\/@se\/115750722825332719","error":""},"_links":{"self":[{"href":"https:\/\/www.europesays.com\/se\/wp-json\/wp\/v2\/posts\/111804","targetHints":{"allow":["GET"]}}],"collection":[{"href":"https:\/\/www.europesays.com\/se\/wp-json\/wp\/v2\/posts"}],"about":[{"href":"https:\/\/www.europesays.com\/se\/wp-json\/wp\/v2\/types\/post"}],"author":[{"embeddable":true,"href":"https:\/\/www.europesays.com\/se\/wp-json\/wp\/v2\/users\/2"}],"replies":[{"embeddable":true,"href":"https:\/\/www.europesays.com\/se\/wp-json\/wp\/v2\/comments?post=111804"}],"version-history":[{"count":0,"href":"https:\/\/www.europesays.com\/se\/wp-json\/wp\/v2\/posts\/111804\/revisions"}],"wp:featuredmedia":[{"embeddable":true,"href":"https:\/\/www.europesays.com\/se\/wp-json\/wp\/v2\/media\/54"}],"wp:attachment":[{"href":"https:\/\/www.europesays.com\/se\/wp-json\/wp\/v2\/media?parent=111804"}],"wp:term":[{"taxonomy":"category","embeddable":true,"href":"https:\/\/www.europesays.com\/se\/wp-json\/wp\/v2\/categories?post=111804"},{"taxonomy":"post_tag","embeddable":true,"href":"https:\/\/www.europesays.com\/se\/wp-json\/wp\/v2\/tags?post=111804"}],"curies":[{"name":"wp","href":"https:\/\/api.w.org\/{rel}","templated":true}]}}