{"id":111805,"date":"2025-12-20T07:37:10","date_gmt":"2025-12-20T07:37:10","guid":{"rendered":"https:\/\/www.europesays.com\/se\/111805\/"},"modified":"2025-12-20T07:37:10","modified_gmt":"2025-12-20T07:37:10","slug":"riksbankschef-erik-thedeen-att-skapa-europeiska-betalsystem-ar-viktigt-pa-grund-av-den-geopolitiska-situationen-20-december-2025-ekots-lordagsintervju","status":"publish","type":"post","link":"https:\/\/www.europesays.com\/se\/111805\/","title":{"rendered":"Riksbankschef Erik Thed\u00e9en: Att skapa europeiska betalsystem \u00e4r viktigt p\u00e5 grund av den geopolitiska situationen 20 december 2025 &#8211; Ekots l\u00f6rdagsintervju"},"content":{"rendered":"<p>Under h\u00f6sten har det talats om en kommande v\u00e4ndning f\u00f6r svensk ekonomi. Nu menar riksbankschef Erik Thed\u00e9en att den \u00e4r h\u00e4r.<\/p>\n<p>\u201dVi hade ganska starka kvartalssiffror f\u00f6r BNP-tillv\u00e4xten, men det st\u00f6ds av andra indikatorer ocks\u00e5 under andra halv\u00e5ret. Man kan s\u00e4ga att konjunkturen har v\u00e4nt, men vi har fortfarande mycket lediga resurser. S\u00e5 i n\u00e5gon mening har vi fortfarande l\u00e5gkonjunktur\u201d, s\u00e4ger Erik Thed\u00e9en.<\/p>\n<p>Omv\u00e4rldsrisker f\u00f6r svensk ekonomi<\/p>\n<p>I den senaste<a class=\"external-link\" rel=\"noreferrer noopener nofollow\" target=\"_blank\" href=\"https:\/\/www.riksbank.se\/globalassets\/media\/rapporter\/ppr\/penningpolitiska-rapporter-och-uppdateringar\/svenska\/2025\/penningpolitisk-rapport-december-2025.pdf\"> penningpolitiska rapporten<\/a> fr\u00e5n riksbanken lyfts of\u00f6ruts\u00e4gbar amerikansk utrikes- och handelspolitik som en os\u00e4kerhetsfaktor f\u00f6r svensk ekonomi. Ocks\u00e5 tendenser i USA om att vilja st\u00e4lla penningpolitiken och den amerikanska riksbanken Federal Reserve under st\u00f6rre politisk kontroll tas upp som en risk. <\/p>\n<p><strong>Kan Donald Trump verkligen ta kontroll \u00f6ver USA:s centralbank?<\/strong> <\/p>\n<p>\u201dDet \u00e4r en bra fr\u00e5ga. Det \u00e4r delvis en juridisk fr\u00e5ga, och det \u00e4r en del r\u00e4ttsfall som nu pr\u00f6vas. Han vill avskeda en av ledam\u00f6terna, Lisa Cook, och det \u00e4r nu uppe f\u00f6r juridisk pr\u00f6vning. Det blir ett test p\u00e5: Har de ett starkare skydd \u00e4n andra myndighetschefer likt vi har i Sverige och likt man har i ECB, eller har man inte det?\u201d, s\u00e4ger Erik Thed\u00e9en.<\/p>\n<p>Erik Thed\u00e9en f\u00e5r fr\u00e5gor om hur han skulle g\u00f6ra om det kom liknande politiska p\u00e5tryckningar mot riksbanken i Sverige.<\/p>\n<p>\u201dJag vet ju vad det st\u00e5r i lagen, och den kommer jag f\u00f6lja till punkt och pricka. D\u00e4r st\u00e5r det att politiker helt enkelt \u00e4r f\u00f6rbjudna att ge mig instruktioner, och lika viktigt \u00e4r att jag och mina kollegor i direktionen \u00e4r f\u00f6rbjudna att ta emot instruktioner. S\u00e5 skulle det bli en s\u00e5n h\u00e4r diskussion, vilket vi inte alls \u00e4r n\u00e4ra eller ens sett i Sverige, d\u00e5 skulle jag f\u00f6rst\u00e5s vara v\u00e4ldigt trogen lagen\u201d, s\u00e4ger Erik Thed\u00e9en.<\/p>\n<p>I sitt sommarprat diskuterade Erik Thed\u00e9en \u201dot\u00e4nkbara scenarier\u201d med USA som ett potentiellt ekonomiskt hot mot Sverige. Han menar att det med tanke p\u00e5 det geopolitiska l\u00e4get beh\u00f6vs en f\u00f6rsiktighetsprincip, exempelvis vad g\u00e4ller betalningssystemen.  <\/p>\n<p>\u201dVi har till exempel tv\u00e5 kreditkortsutgivare i Sverige som vi anv\u00e4nder, Mastercard och Visa. Det \u00e4r amerikanska bolag. Det fungerar alldeles utm\u00e4rkt, men det \u00e4r klokt att t\u00e4nka att vi ocks\u00e5 ska ha europeiska system eller svenska system som kan fungera i det fallet att de d\u00e4r inte riktigt fungerar\u201d, s\u00e4ger Erik Thed\u00e9en.<\/p>\n<p>Risker f\u00f6r det finanspolitiska systemet<\/p>\n<p>N\u00e4sta \u00e5rs statsbudget g\u00e5r med <a class=\"external-link\" rel=\"noreferrer noopener nofollow\" target=\"_blank\" href=\"https:\/\/www.regeringen.se\/artiklar\/2025\/09\/budgeten-for-2026-pa-fem-minuter\/\">underskott<\/a>, och m\u00e5nga av oppositionens skuggbudgetar f\u00f6ljer samma m\u00f6nster. I juni sl\u00f6t riksdagspartierna en \u00f6verenskommelse om att behovet av nya f\u00f6rsvarsutgifter, inklusive st\u00f6det till Ukraina <a class=\"external-link\" rel=\"noreferrer noopener nofollow\" target=\"_blank\" href=\"https:\/\/www.regeringen.se\/pressmeddelanden\/2025\/06\/blockoverskridande-overenskommelse-nadd-om-historisk-upprustning\/\">tillf\u00e4lligt ska l\u00e5nefinansieras<\/a>. Det inneb\u00e4r att en avvikelse fr\u00e5n det finanspolitiska ramverkets m\u00e5l till\u00e5ts. Avvikelsen f\u00e5r inneb\u00e4ra en \u00f6kad skulds\u00e4ttning p\u00e5 som mest 300 miljarder kronor, och senast 2035 ska det finansiella sparandet \u00e5ter vara i balans. <\/p>\n<p>Enligt \u00f6verenskommelsen ska partierna under 2030 presentera hur balansen p\u00e5 nytt ska \u00e5stadkommas. Det tycker Erik Thed\u00e9en \u00e4r f\u00f6r sent. Dr\u00f6jer ett besked till dess finns risken att det hinner kommer en ny kris innan dess, s\u00e4ger han. <\/p>\n<p>\u201dOch d\u00e5 blir det nytt sk\u00e4l att ha tillf\u00e4lliga uppl\u00e5ningar och sen kan det vara ett sluttande plan. Vi \u00e4r i v\u00e4ldigt gott utg\u00e5ngsl\u00e4ge idag, men vi ska beh\u00e5lla det utg\u00e5ngsl\u00e4get och komma tillbaka till den d\u00e4r trov\u00e4rdiga planen\u201d, s\u00e4ger Erik Thed\u00e9en.<\/p>\n<p>Om det drar ut p\u00e5 tiden menar Erik Thed\u00e9en att det finns en risk att Sverige inte kommer betraktas som lika trov\u00e4rdiga av finansiella akt\u00f6rer. <\/p>\n<p>\u201d\u00c5terigen, vi \u00e4r i ett mycket bra utg\u00e5ngsl\u00e4ge. Det \u00e4r inte n\u00e5gon fara p\u00e5 taket idag, i morgon, kanske inte ens i \u00f6vermorgon. Men den planen finns inte, och d\u00e4rf\u00f6r har jag liksom Finanspolitiska r\u00e5det och \u00e4ven Riksrevisionen varit skeptiska till att man inte \u00e4r mer tydlig h\u00e4r\u201d, s\u00e4ger Erik Thed\u00e9en.<\/p>\n<p><strong>Diskussionen vi f\u00f6r \u00e4r gr\u00e4nslandet mellan finanspolitiken, som \u00e4r politikernas ansvar och penningpolitiken, som \u00e4r Riksbankens ansvar. Traditionen bjuder ju att ni inte l\u00e4gger i varandras omr\u00e5den. \u00c4r det r\u00e4tt att du som riksbankschef resonerar kring hur statsbudgetar ska finansieras p\u00e5 det h\u00e4r s\u00e4ttet?<\/strong><\/p>\n<p>\u201dJa, det tycker jag att det \u00e4r, f\u00f6r att det h\u00e4r p\u00e5verkar m\u00f6jligheten att bedriva penningpolitik\u201d, s\u00e4ger Erik Thed\u00e9en, och exemplifierar med Frankrike d\u00e4r problemen i statsfinanserna g\u00f6r penningpolitiken verkningsl\u00f6s.  <\/p>\n<p>\u201dDet h\u00e4r har en direkt koppling till penningpolitiken p\u00e5 sikt, och d\u00e4rf\u00f6r s\u00e5 tycker jag att det \u00e4r rimligt att uttala sig om ramverket. Inte om inneh\u00e5llet i finanspolitiken, skatter upp, skatter ner, bidrag eller inte bidrag. Det \u00e4r helt en politisk fr\u00e5ga\u201d, s\u00e4ger Erik Thed\u00e9en.<\/p>\n<p><strong>Programledare:<\/strong> Johar Bendjelloul<br \/><strong>Kommentar:<\/strong>\u00a0 Knut Kainz Rognerud<br \/><strong>Producent:<\/strong> Johanna Palmstr\u00f6m<br \/><strong>Tekniker:<\/strong> Fabian Begnert\u00a0<\/p>\n<p>Programmet spelades in fredagen 19 december.<\/p>\n","protected":false},"excerpt":{"rendered":"Under h\u00f6sten har det talats om en kommande v\u00e4ndning f\u00f6r svensk ekonomi. Nu menar riksbankschef Erik Thed\u00e9en att&hellip;\n","protected":false},"author":2,"featured_media":111806,"comment_status":"","ping_status":"","sticky":false,"template":"","format":"standard","meta":{"footnotes":""},"categories":[5],"tags":[22,23,2825,2826,2823,26,27,17,21,2828,2824,24,25,28,29,15,16,18,34,31,33,32,30,2827,19,20],"class_list":{"0":"post-111805","1":"post","2":"type-post","3":"status-publish","4":"format-standard","5":"has-post-thumbnail","7":"category-rubriker","8":"tag-breaking-news","9":"tag-breakingnews","10":"tag-ekointervju","11":"tag-ekointervjun","12":"tag-ekots-lrdagsintervju","13":"tag-featured-news","14":"tag-featurednews","15":"tag-headlines","16":"tag-huvudnyheter","17":"tag-interviews","18":"tag-lrdagsintervjun","19":"tag-latest-news","20":"tag-latestnews","21":"tag-main-news","22":"tag-mainnews","23":"tag-news","24":"tag-nyheter","25":"tag-rubriker","26":"tag-se","27":"tag-svenska","28":"tag-sverige","29":"tag-sweden","30":"tag-swedish","31":"tag-swedish-radio","32":"tag-top-stories","33":"tag-topstories"},"share_on_mastodon":{"url":"https:\/\/pubeurope.com\/@se\/115750754248799104","error":""},"_links":{"self":[{"href":"https:\/\/www.europesays.com\/se\/wp-json\/wp\/v2\/posts\/111805","targetHints":{"allow":["GET"]}}],"collection":[{"href":"https:\/\/www.europesays.com\/se\/wp-json\/wp\/v2\/posts"}],"about":[{"href":"https:\/\/www.europesays.com\/se\/wp-json\/wp\/v2\/types\/post"}],"author":[{"embeddable":true,"href":"https:\/\/www.europesays.com\/se\/wp-json\/wp\/v2\/users\/2"}],"replies":[{"embeddable":true,"href":"https:\/\/www.europesays.com\/se\/wp-json\/wp\/v2\/comments?post=111805"}],"version-history":[{"count":0,"href":"https:\/\/www.europesays.com\/se\/wp-json\/wp\/v2\/posts\/111805\/revisions"}],"wp:featuredmedia":[{"embeddable":true,"href":"https:\/\/www.europesays.com\/se\/wp-json\/wp\/v2\/media\/111806"}],"wp:attachment":[{"href":"https:\/\/www.europesays.com\/se\/wp-json\/wp\/v2\/media?parent=111805"}],"wp:term":[{"taxonomy":"category","embeddable":true,"href":"https:\/\/www.europesays.com\/se\/wp-json\/wp\/v2\/categories?post=111805"},{"taxonomy":"post_tag","embeddable":true,"href":"https:\/\/www.europesays.com\/se\/wp-json\/wp\/v2\/tags?post=111805"}],"curies":[{"name":"wp","href":"https:\/\/api.w.org\/{rel}","templated":true}]}}