{"id":111813,"date":"2025-12-20T07:56:17","date_gmt":"2025-12-20T07:56:17","guid":{"rendered":"https:\/\/www.europesays.com\/se\/111813\/"},"modified":"2025-12-20T07:56:17","modified_gmt":"2025-12-20T07:56:17","slug":"eetu-koivistoinen-har-gjort-sitt-val-lamnar-lulea-efter-sasongen","status":"publish","type":"post","link":"https:\/\/www.europesays.com\/se\/111813\/","title":{"rendered":"Eetu Koivistoinen har gjort sitt val \u2013 l\u00e4mnar Lule\u00e5 efter s\u00e4songen"},"content":{"rendered":"<p>Publicerad 19 dec 2025 kl 09.48Uppdaterad kl 20.29<\/p>\n<p>Flera klubbar har varit intresserade.<\/p>\n<p>Nu kan Expressen avsl\u00f6ja att Lule\u00e5s Eetu Koivistoinen har gjort sitt val f\u00f6r n\u00e4sta s\u00e4song och skrivit p\u00e5 f\u00f6r finska K\u00e4rp\u00e4t.<\/p>\n<p><img   alt=\"\"\/> <\/p>\n<p>Foto: MAXIM THORE \/ BILDBYR\u00c5N<\/p>\n<p>\u00d6ppna bild i helsk\u00e4rm<\/p>\n<p>Eetu Koivistoinen \u00e4r inne p\u00e5 sin andra s\u00e4song med <a href=\"https:\/\/www.expressen.se\/tagg\/organization\/lulea-hockey\/\" class=\"\" rel=\"nofollow noopener\" target=\"_blank\">Lule\u00e5 Hockey<\/a> och var med och b\u00e4rgade det efterl\u00e4ngtade SM-guldet i v\u00e5ras.<\/p>\n<p>Den h\u00e4r s\u00e4songen har 30-\u00e5ringen, som har ett utg\u00e5ende kontrakt med klubben, st\u00e5tt f\u00f6r sju po\u00e4ng p\u00e5 25 matcher.<\/p>\n<p>Samtidigt som Lule\u00e5 haft det tungt i SHL och huserat i bottenskiktet av SHL-tabellen har det spekulerats vilt kring flera spelares framtid.<\/p>\n<p>\u201d\u00c4r alltid rykten\u201d<\/p>\n<p>I finsk media har det florerat uppgifter om flera klubbar som ska vara intresserad av Koivistoinens tj\u00e4nster f\u00f6r n\u00e4sta s\u00e4song \u2013 och en av klubbarna som n\u00e4mnts har varit K\u00e4rp\u00e4t, som ligger n\u00e4st sist i Liiga.<\/p>\n<p>Enligt Expressens uppgifter har parterna dock haft betydligt mer l\u00e5ngtg\u00e5ende diskussioner \u00e4n s\u00e5.<\/p>\n<p>Parterna \u00e4r n\u00e4mligen \u00f6verens om ett kontrakt, vilket d\u00e4rmed inneb\u00e4r att Koivistoinen l\u00e4mnar Lule\u00e5 efter den h\u00e4r s\u00e4songen.<\/p>\n<p>\u2013 Det \u00e4r alltid rykten d\u00e4r ute. Vi f\u00e5r se vad som h\u00e4nder, s\u00e4ger han sj\u00e4lv om uppgifterna.<\/p>\n<p>Tidigare har ocks\u00e5 lagkamraten Heikki Liedes kopplats samman med en flytt till K\u00e4rp\u00e4t. Klubben \u00e4r ocks\u00e5 densamma som den kanadensiske forwarden Ben Tardif ansl\u00f6t ifr\u00e5n f\u00f6r drygt en m\u00e5nad sedan.\u00a0<\/p>\n","protected":false},"excerpt":{"rendered":"Publicerad 19 dec 2025 kl 09.48Uppdaterad kl 20.29 Flera klubbar har varit intresserade. Nu kan Expressen avsl\u00f6ja att&hellip;\n","protected":false},"author":2,"featured_media":111814,"comment_status":"","ping_status":"","sticky":false,"template":"","format":"standard","meta":{"footnotes":""},"categories":[68],"tags":[1178,1179,34,255,823,111,110,31,33,32,30],"class_list":{"0":"post-111813","1":"post","2":"type-post","3":"status-publish","4":"format-standard","5":"has-post-thumbnail","7":"category-sport","8":"tag-organization-lulea-hockey","9":"tag-organization-shl","10":"tag-se","11":"tag-sections-ishockey","12":"tag-sections-shl","13":"tag-sport","14":"tag-sports","15":"tag-svenska","16":"tag-sverige","17":"tag-sweden","18":"tag-swedish"},"share_on_mastodon":{"url":"https:\/\/pubeurope.com\/@se\/115750828985456360","error":""},"_links":{"self":[{"href":"https:\/\/www.europesays.com\/se\/wp-json\/wp\/v2\/posts\/111813","targetHints":{"allow":["GET"]}}],"collection":[{"href":"https:\/\/www.europesays.com\/se\/wp-json\/wp\/v2\/posts"}],"about":[{"href":"https:\/\/www.europesays.com\/se\/wp-json\/wp\/v2\/types\/post"}],"author":[{"embeddable":true,"href":"https:\/\/www.europesays.com\/se\/wp-json\/wp\/v2\/users\/2"}],"replies":[{"embeddable":true,"href":"https:\/\/www.europesays.com\/se\/wp-json\/wp\/v2\/comments?post=111813"}],"version-history":[{"count":0,"href":"https:\/\/www.europesays.com\/se\/wp-json\/wp\/v2\/posts\/111813\/revisions"}],"wp:featuredmedia":[{"embeddable":true,"href":"https:\/\/www.europesays.com\/se\/wp-json\/wp\/v2\/media\/111814"}],"wp:attachment":[{"href":"https:\/\/www.europesays.com\/se\/wp-json\/wp\/v2\/media?parent=111813"}],"wp:term":[{"taxonomy":"category","embeddable":true,"href":"https:\/\/www.europesays.com\/se\/wp-json\/wp\/v2\/categories?post=111813"},{"taxonomy":"post_tag","embeddable":true,"href":"https:\/\/www.europesays.com\/se\/wp-json\/wp\/v2\/tags?post=111813"}],"curies":[{"name":"wp","href":"https:\/\/api.w.org\/{rel}","templated":true}]}}