{"id":111818,"date":"2025-12-20T08:18:18","date_gmt":"2025-12-20T08:18:18","guid":{"rendered":"https:\/\/www.europesays.com\/se\/111818\/"},"modified":"2025-12-20T08:18:18","modified_gmt":"2025-12-20T08:18:18","slug":"christofer-chrippa-lundstroms-dom-en-varningssignal","status":"publish","type":"post","link":"https:\/\/www.europesays.com\/se\/111818\/","title":{"rendered":"Christofer \u201dChrippa\u201d Lundstr\u00f6ms dom en varningssignal"},"content":{"rendered":"<p>En poddserie h\u00e4r i SvD \u2013 \u201d<a href=\"https:\/\/www.svd.se\/lyssna\/badfluence\" target=\"_blank\" rel=\"noopener noreferrer nofollow\">Badfluence<\/a>\u201d \u2013 har ber\u00e4ttat om influencern Christofer \u201dChrippa\u201d Lundstr\u00f6m, tidigare Berg. Han \u00e4r en av de mest omtalade svenskspr\u00e5kiga personerna p\u00e5 Youtube. P\u00e5 senare tid har han ocks\u00e5 blivit k\u00e4nd som en av huvudpersonerna i SVT:s Dokument inifr\u00e5n \u201dHatet\u201d. <\/p>\n<p>P\u00e5 fredagen meddelade Link\u00f6pings tingsr\u00e4tt att Christofer Lundstr\u00f6m d\u00f6ms till f\u00e4ngelse f\u00f6r flera grova ekobrott.\u00a0<\/p>\n","protected":false},"excerpt":{"rendered":"En poddserie h\u00e4r i SvD \u2013 \u201dBadfluence\u201d \u2013 har ber\u00e4ttat om influencern Christofer \u201dChrippa\u201d Lundstr\u00f6m, tidigare Berg. Han&hellip;\n","protected":false},"author":2,"featured_media":111819,"comment_status":"","ping_status":"","sticky":false,"template":"","format":"standard","meta":{"footnotes":""},"categories":[5],"tags":[22,23,26,27,17,21,24,25,28,29,15,16,18,34,31,33,32,30,19,20],"class_list":{"0":"post-111818","1":"post","2":"type-post","3":"status-publish","4":"format-standard","5":"has-post-thumbnail","7":"category-rubriker","8":"tag-breaking-news","9":"tag-breakingnews","10":"tag-featured-news","11":"tag-featurednews","12":"tag-headlines","13":"tag-huvudnyheter","14":"tag-latest-news","15":"tag-latestnews","16":"tag-main-news","17":"tag-mainnews","18":"tag-news","19":"tag-nyheter","20":"tag-rubriker","21":"tag-se","22":"tag-svenska","23":"tag-sverige","24":"tag-sweden","25":"tag-swedish","26":"tag-top-stories","27":"tag-topstories"},"share_on_mastodon":{"url":"https:\/\/pubeurope.com\/@se\/115750915510617395","error":""},"_links":{"self":[{"href":"https:\/\/www.europesays.com\/se\/wp-json\/wp\/v2\/posts\/111818","targetHints":{"allow":["GET"]}}],"collection":[{"href":"https:\/\/www.europesays.com\/se\/wp-json\/wp\/v2\/posts"}],"about":[{"href":"https:\/\/www.europesays.com\/se\/wp-json\/wp\/v2\/types\/post"}],"author":[{"embeddable":true,"href":"https:\/\/www.europesays.com\/se\/wp-json\/wp\/v2\/users\/2"}],"replies":[{"embeddable":true,"href":"https:\/\/www.europesays.com\/se\/wp-json\/wp\/v2\/comments?post=111818"}],"version-history":[{"count":0,"href":"https:\/\/www.europesays.com\/se\/wp-json\/wp\/v2\/posts\/111818\/revisions"}],"wp:featuredmedia":[{"embeddable":true,"href":"https:\/\/www.europesays.com\/se\/wp-json\/wp\/v2\/media\/111819"}],"wp:attachment":[{"href":"https:\/\/www.europesays.com\/se\/wp-json\/wp\/v2\/media?parent=111818"}],"wp:term":[{"taxonomy":"category","embeddable":true,"href":"https:\/\/www.europesays.com\/se\/wp-json\/wp\/v2\/categories?post=111818"},{"taxonomy":"post_tag","embeddable":true,"href":"https:\/\/www.europesays.com\/se\/wp-json\/wp\/v2\/tags?post=111818"}],"curies":[{"name":"wp","href":"https:\/\/api.w.org\/{rel}","templated":true}]}}