{"id":111826,"date":"2025-12-20T08:36:21","date_gmt":"2025-12-20T08:36:21","guid":{"rendered":"https:\/\/www.europesays.com\/se\/111826\/"},"modified":"2025-12-20T08:36:21","modified_gmt":"2025-12-20T08:36:21","slug":"sokes-en-eldsjal-att-hylla-som-bjuds-in-till-idrottsgalan-2","status":"publish","type":"post","link":"https:\/\/www.europesays.com\/se\/111826\/","title":{"rendered":"S\u00f6kes: en eldsj\u00e4l att hylla \u2013 som bjuds in till Idrottsgalan"},"content":{"rendered":"<p class=\"normal\">Vi s\u00f6ker en verklig eldsj\u00e4l \u2013 en medlem som under \u00e5ret gjort verklig skillnad f\u00f6r andra och f\u00f6r sin klubb, f\u00f6rening eller distrikt.<\/p>\n<p class=\"normal\">Kanske \u00e4r det du?<br \/>Kanske \u00e4r det n\u00e5gon du vill ge den h\u00e4r upplevelsen?<\/p>\n<p>Nominera \u00c5rets Eldsj\u00e4l senast 1 januari<\/p>\n<p class=\"normal\">Vinnaren f\u00e5r f\u00f6lja med mig, Pernilla Bonde, p\u00e5 Idrottsgalan som arrangeras p\u00e5 Avicii Arena i Stockholm <strong>onsdagen den 21 januari<\/strong>.<\/p>\n<p>S\u00e5 h\u00e4r nominerar du<\/p>\n<p class=\"normal\">Skicka ett mejl till <a href=\"https:\/\/www.skidor.com\/nyhetsrum\/nyheter-fran-ssf\/speglas-till-distrikten\/mailto:info@skidor.com\" rel=\"nofollow noopener\" target=\"_blank\">info@skidor.com<\/a> med:<\/p>\n<ul class=\" env-text-list normal\">\n<li>Namn p\u00e5 den du nominerar<\/li>\n<li>Klubbtillh\u00f6righet<\/li>\n<li>En kort motivering: Varf\u00f6r \u00e4r just denna person en verklig eldsj\u00e4l i f\u00f6reningslivet?<\/li>\n<\/ul>\n<p class=\"normal\">Det beh\u00f6ver inte vara l\u00e5ngt \u2013 det viktigaste \u00e4r att det \u00e4r \u00e4kta.<\/p>\n<p>Enkla kriterier \u2013 \u00c5rets Eldsj\u00e4l<\/p>\n<p class=\"normal\">F\u00f6r att nomineringen ska vara enkel, r\u00e4ttvis och j\u00e4mf\u00f6rbar utg\u00e5r vi fr\u00e5n f\u00f6ljande grundl\u00e4ggande kriterier.<\/p>\n<p class=\"normal\">Den nominerade personen ska:<\/p>\n<ul class=\" env-text-list normal\">\n<li>Vara medlem en av SSFs klubbar\/distrikt<\/li>\n<li>Ha visat ett starkt ideellt engagemang under \u00e5ret<\/li>\n<li>Bidragit till gemenskap, gl\u00e4dje och trygghet f\u00f6r andra<\/li>\n<li>Vara en god f\u00f6rebild inom f\u00f6reningslivet<\/li>\n<li>och inte minst g\u00f6ra skillnad genom handling<\/li>\n<\/ul>\n<p class=\"normal\">V\u00e4lkommen med era nomineringar!<\/p>\n<p class=\"normal\">Pernilla Bonde <br \/>Generalsekreterare <br \/>Svenska Skidf\u00f6rbundet<\/p>\n<p>Urval<\/p>\n<p class=\"normal\">Vi s\u00f6ker en verklig eldsj\u00e4l \u2013 en medlem som under \u00e5ret gjort skillnad f\u00f6r andra och f\u00f6r sin klubb, f\u00f6rening eller distrikt. Urvalet g\u00f6rs genom en samlad bed\u00f6mning av inkomna nomineringar utifr\u00e5n kriterierna nedan. Det \u00e4r helheten som r\u00e4knas \u2013 inga sportsliga resultat kr\u00e4vs och ingen lottning f\u00f6rekommer.<\/p>\n<p class=\"normal\">Nomineringen \u00e4r kostnadsfri och enkel. Uppgifter som skickas in anv\u00e4nds enbart i samband med denna nominering. Svenska Skidf\u00f6rbundet st\u00e5r f\u00f6r biljetten till Idrottsgalan. Resa och logi ing\u00e5r inte.<\/p>\n","protected":false},"excerpt":{"rendered":"Vi s\u00f6ker en verklig eldsj\u00e4l \u2013 en medlem som under \u00e5ret gjort verklig skillnad f\u00f6r andra och f\u00f6r&hellip;\n","protected":false},"author":2,"featured_media":111319,"comment_status":"","ping_status":"","sticky":false,"template":"","format":"standard","meta":{"footnotes":""},"categories":[68],"tags":[34,111,110,31,33,32,30],"class_list":{"0":"post-111826","1":"post","2":"type-post","3":"status-publish","4":"format-standard","5":"has-post-thumbnail","7":"category-sport","8":"tag-se","9":"tag-sport","10":"tag-sports","11":"tag-svenska","12":"tag-sverige","13":"tag-sweden","14":"tag-swedish"},"share_on_mastodon":{"url":"https:\/\/pubeurope.com\/@se\/115750986333172338","error":""},"_links":{"self":[{"href":"https:\/\/www.europesays.com\/se\/wp-json\/wp\/v2\/posts\/111826","targetHints":{"allow":["GET"]}}],"collection":[{"href":"https:\/\/www.europesays.com\/se\/wp-json\/wp\/v2\/posts"}],"about":[{"href":"https:\/\/www.europesays.com\/se\/wp-json\/wp\/v2\/types\/post"}],"author":[{"embeddable":true,"href":"https:\/\/www.europesays.com\/se\/wp-json\/wp\/v2\/users\/2"}],"replies":[{"embeddable":true,"href":"https:\/\/www.europesays.com\/se\/wp-json\/wp\/v2\/comments?post=111826"}],"version-history":[{"count":0,"href":"https:\/\/www.europesays.com\/se\/wp-json\/wp\/v2\/posts\/111826\/revisions"}],"wp:featuredmedia":[{"embeddable":true,"href":"https:\/\/www.europesays.com\/se\/wp-json\/wp\/v2\/media\/111319"}],"wp:attachment":[{"href":"https:\/\/www.europesays.com\/se\/wp-json\/wp\/v2\/media?parent=111826"}],"wp:term":[{"taxonomy":"category","embeddable":true,"href":"https:\/\/www.europesays.com\/se\/wp-json\/wp\/v2\/categories?post=111826"},{"taxonomy":"post_tag","embeddable":true,"href":"https:\/\/www.europesays.com\/se\/wp-json\/wp\/v2\/tags?post=111826"}],"curies":[{"name":"wp","href":"https:\/\/api.w.org\/{rel}","templated":true}]}}