{"id":111831,"date":"2025-12-20T08:45:39","date_gmt":"2025-12-20T08:45:39","guid":{"rendered":"https:\/\/www.europesays.com\/se\/111831\/"},"modified":"2025-12-20T08:45:39","modified_gmt":"2025-12-20T08:45:39","slug":"solsidan-slar-rekord-pa-tv4-play-sa-manga-tittar","status":"publish","type":"post","link":"https:\/\/www.europesays.com\/se\/111831\/","title":{"rendered":"Solsidan sl\u00e5r rekord p\u00e5 TV4 Play \u2013\u00a0s\u00e5 m\u00e5nga tittar"},"content":{"rendered":"<p>Publicerad 19 dec 2025 kl 14.51<\/p>\n<p>Rekord, \u201dSolsidan\u201d.\u00a0<\/p>\n<p>Seriens nionde s\u00e4song har setts i snitt av en miljon tittare \u2013 h\u00f6gst n\u00e5gonsin p\u00e5 TV4 Play.\u00a0<\/p>\n<p>\u2013\u00a0Det \u00e4r en unik succ\u00e9 p\u00e5 m\u00e5nga s\u00e4tt, s\u00e4ger Fredrik Arefalk, kanal- och inneh\u00e5llsdirekt\u00f6r p\u00e5 TV4.<\/p>\n<p><img   alt=\"\"\/><\/p>\n<p>Josephine Bornebusch och Mia Sk\u00e4ringer i \u201dSolsidan\u201d.<\/p>\n<p>Foto: Viktor Davidson \/ TV4<\/p>\n<p>\u00d6ppna bild i helsk\u00e4rm<\/p>\n<p>Det \u00e4r i ett pressmeddelande som TV4 skriver att senaste s\u00e4songen av \u201d<a href=\"https:\/\/www.expressen.se\/tagg\/organization\/solsidan\/\" class=\"\" rel=\"nofollow noopener\" target=\"_blank\">Solsidan<\/a>\u201d har det h\u00f6gsta tittandet n\u00e5gonsin p\u00e5 TV4 Play.\u00a0<\/p>\n<p>I snitt ska avsnitten ha setts av en miljon tittare p\u00e5 streamingtj\u00e4nsten. S\u00e4songspremi\u00e4ren har sedan avsnittet blev tillg\u00e4ngligt lockat 1,9 miljoner tittare, varav 1,3 miljoner p\u00e5 TV4 Play.\u00a0<\/p>\n<p>Den senare siffran \u00e4r \u00e4ven det rekord, men f\u00f6r ett enskilt avsnitt.\u00a0<\/p>\n<p>\u2013\u00a0\u201dSolsidan\u201d \u00e4r fortfarande lika rolig och relevant som den var f\u00f6r femton \u00e5r sedan n\u00e4r vi fick stifta bekantskap med Fredde, Mickan, Alex, Anna, Ove och Anette f\u00f6r f\u00f6rsta g\u00e5ngen. Det \u00e4r en unik succ\u00e9 p\u00e5 m\u00e5nga s\u00e4tt och att s\u00e4song nio nu sl\u00e5r rekord i TV4 Play \u00e4r ytterligare ett kvitto p\u00e5 det, s\u00e4ger Fredrik Arefalk, kanal- och inneh\u00e5llsdirekt\u00f6r p\u00e5 TV4, i pressmeddelandet och forts\u00e4tter:\u00a0<\/p>\n<p>\u2013\u00a0Jag \u00e4r b\u00e5de stolt och tacksam \u00f6ver det fantastiska jobb som alla bakom och framf\u00f6r kameran g\u00f6r och l\u00e4ngtar redan nu till n\u00e4sta s\u00e4song.\u00a0<\/p>\n<p><img loading=\"lazy\"   alt=\"\"\/><\/p>\n<p>Malin Cederbladh, Henrik Dorsin och Johan Rheborg i \u201dSolsidan\u201d.<\/p>\n<p>Foto: Peter Cederling \/ TV4<\/p>\n<p>\u00d6ppna bild i helsk\u00e4rm<img loading=\"lazy\"   alt=\"\"\/><\/p>\n<p>\u201dSolsidan\u201d s\u00e4song 10 har premi\u00e4r 2027 p\u00e5 TV4 Play.<\/p>\n<p>Foto: Johan Paulin \/ TV4<\/p>\n<p>\u00d6ppna bild i helsk\u00e4rmS\u00e4song 10 blir sista f\u00f6r \u201dSolsidan\u201d<\/p>\n<p>Som Expressen rapporterat spelades s\u00e4song nio och s\u00e4song tio av \u201dSolsidan\u201d in under v\u00e5ren och sommaren. Planen \u00e4r att <a href=\"https:\/\/www.expressen.se\/noje\/tv-och-streaming\/solsidan-slut-inspelningsbesok\/\" rel=\"nofollow noopener\" target=\"_blank\">omg\u00e5ng tio ska vara seriens sista. <\/a>\u00a0<\/p>\n<p>S\u00e4song 10 har planerad premi\u00e4r 2027 p\u00e5 TV4 Play.\u00a0<\/p>\n<p>Som tidigare ing\u00e5r Josephine Bornebusch, Johan Rheborg, Henrik Dorsin, Malin Cederbladh, Mia Sk\u00e4ringer och Felix Herngren i huvudensemblen.\u00a0<\/p>\n","protected":false},"excerpt":{"rendered":"Publicerad 19 dec 2025 kl 14.51 Rekord, \u201dSolsidan\u201d.\u00a0 Seriens nionde s\u00e4song har setts i snitt av en miljon&hellip;\n","protected":false},"author":2,"featured_media":111832,"comment_status":"","ping_status":"","sticky":false,"template":"","format":"standard","meta":{"footnotes":""},"categories":[67],"tags":[104,3479,836,34,645,31,33,32,30,646,105],"class_list":{"0":"post-111831","1":"post","2":"type-post","3":"status-publish","4":"format-standard","5":"has-post-thumbnail","7":"category-underhallning","8":"tag-entertainment","9":"tag-organization-solsidan","10":"tag-organization-tv4-play","11":"tag-se","12":"tag-sections-tv","13":"tag-svenska","14":"tag-sverige","15":"tag-sweden","16":"tag-swedish","17":"tag-topic-tv-serier","18":"tag-underhallning"},"share_on_mastodon":{"url":"https:\/\/pubeurope.com\/@se\/115751021654348150","error":""},"_links":{"self":[{"href":"https:\/\/www.europesays.com\/se\/wp-json\/wp\/v2\/posts\/111831","targetHints":{"allow":["GET"]}}],"collection":[{"href":"https:\/\/www.europesays.com\/se\/wp-json\/wp\/v2\/posts"}],"about":[{"href":"https:\/\/www.europesays.com\/se\/wp-json\/wp\/v2\/types\/post"}],"author":[{"embeddable":true,"href":"https:\/\/www.europesays.com\/se\/wp-json\/wp\/v2\/users\/2"}],"replies":[{"embeddable":true,"href":"https:\/\/www.europesays.com\/se\/wp-json\/wp\/v2\/comments?post=111831"}],"version-history":[{"count":0,"href":"https:\/\/www.europesays.com\/se\/wp-json\/wp\/v2\/posts\/111831\/revisions"}],"wp:featuredmedia":[{"embeddable":true,"href":"https:\/\/www.europesays.com\/se\/wp-json\/wp\/v2\/media\/111832"}],"wp:attachment":[{"href":"https:\/\/www.europesays.com\/se\/wp-json\/wp\/v2\/media?parent=111831"}],"wp:term":[{"taxonomy":"category","embeddable":true,"href":"https:\/\/www.europesays.com\/se\/wp-json\/wp\/v2\/categories?post=111831"},{"taxonomy":"post_tag","embeddable":true,"href":"https:\/\/www.europesays.com\/se\/wp-json\/wp\/v2\/tags?post=111831"}],"curies":[{"name":"wp","href":"https:\/\/api.w.org\/{rel}","templated":true}]}}