{"id":111834,"date":"2025-12-20T08:53:15","date_gmt":"2025-12-20T08:53:15","guid":{"rendered":"https:\/\/www.europesays.com\/se\/111834\/"},"modified":"2025-12-20T08:53:15","modified_gmt":"2025-12-20T08:53:15","slug":"jag-har-varit-en-dalig-forebild","status":"publish","type":"post","link":"https:\/\/www.europesays.com\/se\/111834\/","title":{"rendered":"Jag har varit en d\u00e5lig f\u00f6rebild"},"content":{"rendered":"<p>Publicerad 20 dec 2025 kl 06.00Uppdaterad kl 08.01<\/p>\n<p>Om vi vill skapa en b\u00e4ttre v\u00e4rld m\u00e5ste vi f\u00f6r\u00e4ldrar ta v\u00e5rt ansvar.\u00a0<\/p>\n<p>Det \u00e4r genom att f\u00f6reg\u00e5 med gott exempel som vi g\u00f6r skillnad.\u00a0<\/p>\n<p>Jag har varit d\u00e5lig p\u00e5 det \u2013 men det ska bli \u00e4ndring p\u00e5 det, skriver Katrin Zytomierska.\u00a0<\/p>\n<p><img   alt=\"\"\/><\/p>\n<p>Katrin Zytomierska, entrepren\u00f6r och influencer.<\/p>\n<p>Foto: CHARLOTTE BRUNZELL \/ IBL<\/p>\n<p>\u00d6ppna bild i helsk\u00e4rm<\/p>\n<p>Detta \u00e4r en debattartikel. Det \u00e4r skribenten som st\u00e5r f\u00f6r \u00e5sikterna i texten.&#13;<br \/>\n&#13;\n<\/p>\n<p><strong>DEBATT. <\/strong>Jag har funderat \u00f6ver hur jag ska bli en b\u00e4ttre f\u00f6rebild f\u00f6r mina barn. Jag \u00e4r r\u00e4dd att jag, genom att aldrig ta mig ur vardagslunket och min lilla bubbla, inte lyckas visa dem livet utanf\u00f6r \u00d6stermalm i Stockholm. V\u00e4rlden jag m\u00e5lar upp \u00e4r en d\u00e4r alla ser likadana ut, tycker likadant och alltid har r\u00e5d med allt, d\u00e4r den enda str\u00e4van som finns \u00e4r str\u00e4van efter mer.\u00a0<\/p>\n<p>Det \u00e4r klart att mina barn vet att det finns fattigdom \u2013 om inte annat f\u00e5r de h\u00f6ra att de ska t\u00e4nka p\u00e5 barnen som sv\u00e4lter varje g\u00e5ng de inte vill \u00e4ta upp vad som serveras p\u00e5 tallriken. Men n\u00e4r jag aldrig tar steget l\u00e4ngre, och faktiskt visar hur grym v\u00e4rlden kan vara, s\u00e5 tvivlar jag p\u00e5 att v\u00e4rlden d\u00e4r barn sv\u00e4lter faktiskt blir verklig. Den blir s\u00e5 l\u00e5ngt borta f\u00f6r dem.\u00a0<\/p>\n<p>Mina barn har aldrig sett fattiga barn, de har aldrig g\u00e5tt i samma fotbollslag eller varit p\u00e5 golfbanan med n\u00e5gon p\u00e5 riktigt fattig, som inte har r\u00e5d med de senaste kl\u00e4derna eller golfklubban. Jag vet att golf inte \u00e4r en sport f\u00f6r annat \u00e4n de mest v\u00e4lb\u00e4rgade s\u00e5 klart, jag tog exemplet f\u00f6r att h\u00e5rddra. \u00a0<\/p>\n<p>N\u00e4r jag ins\u00e5g detta, att jag inte lyckats l\u00e4ra mina barn om v\u00e4rldens or\u00e4ttvisor, blev jag illam\u00e5ende. Sj\u00e4lv \u00e4r jag otroligt tr\u00f6tt p\u00e5 mentaliteten \u201dta, ta, ta!\u201d. Jag \u00e4r tr\u00f6tt p\u00e5 lyxlivet \u2013 det har gjort mig tom och olycklig. \u00c4ven jag beh\u00f6ver mer tyngd i mitt liv. En djupare mening.\u00a0<\/p>\n<p><img loading=\"lazy\"   alt=\"\"\/><\/p>\n<p>\u201dS\u00e5 p\u00e5 sj\u00e4lvaste julafton ska jag bege mig ut i f\u00f6rorten f\u00f6r att dela ut dessa presenter\u201d, skriver Katrin Zytomierska.<\/p>\n<p>Foto: JEPPE GUSTAFSSON \/ SHUTTERSTOCK EDITORIAL\/IBL<\/p>\n<p>\u00d6ppna bild i helsk\u00e4rm<\/p>\n<p>S\u00e5 jag best\u00e4mde mig f\u00f6r att helt enkelt b\u00f6rja med mig \u2013 f\u00f6r att bli en f\u00f6rebild.\u00a0<\/p>\n<p>En dag kom jag i kontakt med en kille fr\u00e5n R\u00e5gsved. En s\u00e5dan typisk kille som vi p\u00e5 \u00d6stermalm ser p\u00e5 som \u201dutsatt\u201d. Rod\u00e9 Tapaila heter han. Han har haft en tuff uppv\u00e4xt och ett tufft liv som han v\u00e4nt till n\u00e5got bra. I dag g\u00f6r han mycket f\u00f6r att hj\u00e4lpa utsatta. I honom s\u00e5g jag min chans att g\u00f6ra skillnad. S\u00e5 jag h\u00f6rde av mig.\u00a0<\/p>\n<p>Nu har vi best\u00e4mt oss f\u00f6r att tillsammans samla in pengar till julklappar \u00e5t barn och familjer som annars inte hade haft r\u00e5d. Och mycket riktigt \u2013 det var l\u00e4nge sedan jag k\u00e4nde en s\u00e5n lycka i min kropp. Jag g\u00f6r n\u00e5got vettigt, n\u00e5got som hj\u00e4lper personer som inte \u00e4r lika lyckligt lottade som jag.\u00a0<\/p>\n<p>S\u00e5 p\u00e5 sj\u00e4lvaste julafton ska jag bege mig ut i f\u00f6rorten f\u00f6r att dela ut dessa presenter. Vissa kanske tycker att jag d\u00e5 l\u00e4mnar mina barn, men jag ser det som att jag ger dem n\u00e5got st\u00f6rre. En l\u00e4rdom som kommer g\u00f6ra dem gott.\u00a0<\/p>\n<p>Om vi vill skapa en b\u00e4ttre v\u00e4rld m\u00e5ste vi f\u00f6r\u00e4ldrar ta v\u00e5rt ansvar. Det \u00e4r genom att f\u00f6reg\u00e5 med gott exempel som vi g\u00f6r skillnad. Jag har varit d\u00e5lig p\u00e5 det \u2013 men det ska bli \u00e4ndring p\u00e5 det.\u00a0<\/p>\n<p><strong>Av Katrin Zytomierska<\/strong><\/p>\n<p>entrepren\u00f6r och influencer\u00a0<\/p>\n","protected":false},"excerpt":{"rendered":"Publicerad 20 dec 2025 kl 06.00Uppdaterad kl 08.01 Om vi vill skapa en b\u00e4ttre v\u00e4rld m\u00e5ste vi f\u00f6r\u00e4ldrar&hellip;\n","protected":false},"author":2,"featured_media":111835,"comment_status":"","ping_status":"","sticky":false,"template":"","format":"standard","meta":{"footnotes":""},"categories":[67],"tags":[104,34,31,33,32,30,534,105],"class_list":{"0":"post-111834","1":"post","2":"type-post","3":"status-publish","4":"format-standard","5":"has-post-thumbnail","7":"category-underhallning","8":"tag-entertainment","9":"tag-se","10":"tag-svenska","11":"tag-sverige","12":"tag-sweden","13":"tag-swedish","14":"tag-topic-foraldraskap","15":"tag-underhallning"},"share_on_mastodon":{"url":"https:\/\/pubeurope.com\/@se\/115751053120247749","error":""},"_links":{"self":[{"href":"https:\/\/www.europesays.com\/se\/wp-json\/wp\/v2\/posts\/111834","targetHints":{"allow":["GET"]}}],"collection":[{"href":"https:\/\/www.europesays.com\/se\/wp-json\/wp\/v2\/posts"}],"about":[{"href":"https:\/\/www.europesays.com\/se\/wp-json\/wp\/v2\/types\/post"}],"author":[{"embeddable":true,"href":"https:\/\/www.europesays.com\/se\/wp-json\/wp\/v2\/users\/2"}],"replies":[{"embeddable":true,"href":"https:\/\/www.europesays.com\/se\/wp-json\/wp\/v2\/comments?post=111834"}],"version-history":[{"count":0,"href":"https:\/\/www.europesays.com\/se\/wp-json\/wp\/v2\/posts\/111834\/revisions"}],"wp:featuredmedia":[{"embeddable":true,"href":"https:\/\/www.europesays.com\/se\/wp-json\/wp\/v2\/media\/111835"}],"wp:attachment":[{"href":"https:\/\/www.europesays.com\/se\/wp-json\/wp\/v2\/media?parent=111834"}],"wp:term":[{"taxonomy":"category","embeddable":true,"href":"https:\/\/www.europesays.com\/se\/wp-json\/wp\/v2\/categories?post=111834"},{"taxonomy":"post_tag","embeddable":true,"href":"https:\/\/www.europesays.com\/se\/wp-json\/wp\/v2\/tags?post=111834"}],"curies":[{"name":"wp","href":"https:\/\/api.w.org\/{rel}","templated":true}]}}