{"id":111839,"date":"2025-12-20T08:59:16","date_gmt":"2025-12-20T08:59:16","guid":{"rendered":"https:\/\/www.europesays.com\/se\/111839\/"},"modified":"2025-12-20T08:59:16","modified_gmt":"2025-12-20T08:59:16","slug":"han-vill-bota-cancer-med-patientens-egna-t-celler","status":"publish","type":"post","link":"https:\/\/www.europesays.com\/se\/111839\/","title":{"rendered":"Han vill bota cancer med patientens egna T-celler"},"content":{"rendered":"<p>Nobelpriset som bekr\u00e4ftelse \u2013 inte genv\u00e4g<\/p>\n<p>\u00c5rets Nobelpris i fysiologi eller medicin ger Anoccas arbete en tydlig vetenskaplig kontext. Priset bel\u00f6nar grundforskning om hur immunsystemets T-celler regleras \u2013 hur de aktiveras, bromsas och styrs f\u00f6r att skilja mellan friskt och sjukt.<\/p>\n<p>Det \u00e4r just detta maskineri Anocca f\u00f6rs\u00f6ker utnyttja kommersiellt.<\/p>\n<p>\u201dNobelpriset visar hur central T-cellsbiologin \u00e4r f\u00f6r framtidens medicin. Men det \u00e4r en sak att f\u00f6rst\u00e5 mekanismerna \u2013 en helt annan att bygga system som fungerar industriellt och kliniskt\u201d, s\u00e4ger Jarvis.<\/p>\n<p>F\u00f6r Anocca inneb\u00e4r det att Nobelpriset inte \u00e4r ett genombrott i sig, men en bekr\u00e4ftelse p\u00e5 att bolaget verkar i den del av immunologin d\u00e4r n\u00e4sta stora v\u00e4rdeskapande sannolikt sker.<\/p>\n<p>T-celler som aff\u00e4r, inte som hype<\/p>\n<p>T-celler \u00e4r immunf\u00f6rsvarets beslutsfattare. De identifierar och eliminerar sjuka celler, men cancerceller lyckas ofta ibland undvika uppt\u00e4ckt. Anoccas teknologi g\u00e5r ut p\u00e5 att genetiskt programmera patientens egna T-celler med nya receptorer \u2013 s\u00e5 kallade TCR-T-celler \u2013 som k\u00e4nner igen specifika cancermutationer.<\/p>\n<p>Cellterapi \u00e4r redan etablerad inom blodcancer. Skillnaden h\u00e4r \u00e4r till\u00e4mpningen p\u00e5 solida tum\u00f6rer och ambitionen att skala upp behandlingen bortom enstaka specialistkliniker.<\/p>\n<p>\u201dUtmaningen har aldrig varit om T-celler fungerar. Utmaningen \u00e4r hur man g\u00f6r behandlingen reproducerbar, kostnadseffektiv och kommersiellt h\u00e5llbar\u201d, s\u00e4ger Jarvis.<\/p>\n<p><strong>L\u00e4s \u00e4ven:<\/strong> <a href=\"https:\/\/www.realtid.se\/perfectweekend\/ai-ritar-om-mobilkartan-och-kanske-annu-battre-service\/\" rel=\"nofollow noopener\" target=\"_blank\">AI ritar om mobilkartan \u2013 och kanske \u00e4nnu b\u00e4ttre service<\/a> <\/p>\n<p><img loading=\"lazy\" decoding=\"async\" width=\"1024\" height=\"512\" src=\"https:\/\/www.europesays.com\/se\/wp-content\/uploads\/2025\/12\/1-568-1024x512.png\" alt=\"\" class=\"wp-image-453595\"  \/>Bolaget i S\u00f6dert\u00e4lje sitter p\u00e5 \u00f6ver 50 patent kopplade till T-cellsanalys och genredigering.Kliniskt genombrott \u2013 eller flaskhals<\/p>\n<p>Bolagets f\u00f6rsta kliniska studie, VIDAR-1, riktar in sig p\u00e5 KRAS-muterad bukspottk\u00f6rtelcancer \u2013 en indikation med extremt h\u00f6g medicinsk risk men ocks\u00e5 stort kommersiellt v\u00e4rde. Mindre \u00e4n tio procent av patienterna lever fem \u00e5r efter diagnos, och effektiva behandlingar saknas i stort sett.<\/p>\n<p>Studien genomf\u00f6rs vid \u00e5tta universitetssjukhus i Sverige, Danmark, Tyskland och Nederl\u00e4nderna. Den f\u00f6rsta patienten \u00e4r redan inkluderad och behandlingen inleds inom kort. De f\u00f6rsta kliniska resultaten v\u00e4ntas under 2026.<\/p>\n<p>\u201dVi b\u00f6rjar med en av de sv\u00e5raste indikationerna. Det \u00e4r ett medvetet val. Fungerar det d\u00e4r, d\u00e5 fungerar plattformen\u201d, s\u00e4ger Jarvis.<\/p>\n<p>Plattform snarare \u00e4n ett l\u00e4kemedel<\/p>\n<p>Aff\u00e4rsmodellen bygger inte p\u00e5 ett enskilt preparat utan p\u00e5 en teknologiplattform. Anocca utvecklar ett bibliotek av T-cellsreceptorer som kan matchas mot patienters genetiska profiler via diagnostiska tester.\u00a0<\/p>\n<p>Patientens egna T-celler \u00e4r programmerade med relevant T-cellreceptor i en tillverkningsprocess som idagsl\u00e4get tar ett par veckor f\u00f6r varje beandling. P\u00e5 sikt \u00e4r m\u00e5let att ha hundratals f\u00e4rdigutvecklade receptorer tillg\u00e4ngliga, tillr\u00e4ckligt f\u00f6r att t\u00e4cka stora patientgrupper globalt.<\/p>\n<p>\u201dDet \u00e4r f\u00f6rst n\u00e4r personaliseringen blir systematisk som dessa terapier f\u00e5r bredare kommersiellt genomslag\u201d, s\u00e4ger Jarvis.<\/p>\n<p><strong>L\u00e4s \u00e4ven:<\/strong> <a href=\"https:\/\/www.realtid.se\/perfectweekend\/airbus-och-boeing-flygplansracet-2025-tatnar\/\" rel=\"nofollow noopener\" target=\"_blank\">Kan Boeing springa f\u00f6rbi Airbus i flygplansracet?<\/a> <\/p>\n<p>F\u00e5 konkurrenter \u2013 h\u00f6ga tr\u00f6sklar<\/p>\n<p>Globalt finns bara ett f\u00e5tal bolag som arbetar med TCR-baserad cellterapi i klinisk skala. Anocca sitter p\u00e5 \u00f6ver 50 patent som skyddar k\u00e4rnteknologin, s\u00e4rskilt metoder f\u00f6r cellanalys och genredigering med hj\u00e4lp av modern gensaxteknologi.<\/p>\n<p>Bolaget planerar inte att bygga ett globalt l\u00e4kemedelsbolag p\u00e5 egen hand.\u00a0<\/p>\n<p>\u201dPartnerskap med stora l\u00e4kemedelsbolag \u00e4r den naturliga v\u00e4gen. V\u00e5r uppgift \u00e4r att leverera teknologin och de kliniska\u00a0 bevisen\u201d, s\u00e4ger Jarvis.<\/p>\n<p><strong>L\u00e4s \u00e4ven:<\/strong> <a href=\"https:\/\/www.dagensps.se\/halsa\/anoccas-t-celler-i-sodertalje-kan-bli-nasta-novo-nordisk\/\" rel=\"nofollow noopener\" target=\"_blank\">Anoccas T-celler i S\u00f6dert\u00e4lje kan bli n\u00e4sta Novo Nordisk<\/a><\/p>\n<p>Ingen quick fix \u2013 men ett bin\u00e4rt utfall<\/p>\n<p>F\u00f6r investerare \u00e4r caset tydligt bin\u00e4rt. Antingen visar teknologin effekt i m\u00e4nniska \u2013 och d\u00e5 \u00f6ppnas d\u00f6rren till partnerskap, licenser och nya indikationer \u2013 eller s\u00e5 g\u00f6r den det inte.<\/p>\n<p>Nobelpriset pekar ut riktningen. Kliniska data avg\u00f6r v\u00e4rdet.<\/p>\n<p>De f\u00f6rsta svaren kommer 2026.<\/p>\n<p>                <img decoding=\"async\" src=\"https:\/\/www.europesays.com\/se\/wp-content\/uploads\/2025\/12\/1766221156_952_\"\/><\/p>\n<p>                            <a href=\"https:\/\/www.realtid.se\/perfectweekend\/varldens-huvudstad-for-de-absolut-rikaste-faller-tungt\/\" class=\"c-external-notice__content\" target=\"_blank\" rel=\"nofollow noopener\"><br \/>\n                V\u00e4rldens huvudstad f\u00f6r de absolut rikaste faller tungt<\/p>\n<p>V\u00e4rldens huvudstad, Londons lyxmarknad f\u00f6r bost\u00e4der, g\u00e5r mot sitt svagaste \u00e5r sedan pandemin. Efter flera \u00e5r som sj\u00e4lvklar global trygg hamn<\/p>\n<p>                            <\/a><\/p>\n<p>L\u00e4s mer fr\u00e5n Realtid &#8211; v\u00e5rt nyhetsbrev \u00e4r kostnadsfritt:Prenumerera<\/p>\n","protected":false},"excerpt":{"rendered":"Nobelpriset som bekr\u00e4ftelse \u2013 inte genv\u00e4g \u00c5rets Nobelpris i fysiologi eller medicin ger Anoccas arbete en tydlig vetenskaplig&hellip;\n","protected":false},"author":2,"featured_media":111840,"comment_status":"","ping_status":"","sticky":false,"template":"","format":"standard","meta":{"footnotes":""},"categories":[69],"tags":[1761,632,113,112,12313,4824,34,31,33,32,30],"class_list":{"0":"post-111839","1":"post","2":"type-post","3":"status-publish","4":"format-standard","5":"has-post-thumbnail","7":"category-halsa","8":"tag-cancer","9":"tag-forskning","10":"tag-halsa","11":"tag-health","12":"tag-lakemedelsbolag","13":"tag-nobelpriset","14":"tag-se","15":"tag-svenska","16":"tag-sverige","17":"tag-sweden","18":"tag-swedish"},"share_on_mastodon":{"url":"https:\/\/pubeurope.com\/@se\/115751076935737793","error":""},"_links":{"self":[{"href":"https:\/\/www.europesays.com\/se\/wp-json\/wp\/v2\/posts\/111839","targetHints":{"allow":["GET"]}}],"collection":[{"href":"https:\/\/www.europesays.com\/se\/wp-json\/wp\/v2\/posts"}],"about":[{"href":"https:\/\/www.europesays.com\/se\/wp-json\/wp\/v2\/types\/post"}],"author":[{"embeddable":true,"href":"https:\/\/www.europesays.com\/se\/wp-json\/wp\/v2\/users\/2"}],"replies":[{"embeddable":true,"href":"https:\/\/www.europesays.com\/se\/wp-json\/wp\/v2\/comments?post=111839"}],"version-history":[{"count":0,"href":"https:\/\/www.europesays.com\/se\/wp-json\/wp\/v2\/posts\/111839\/revisions"}],"wp:featuredmedia":[{"embeddable":true,"href":"https:\/\/www.europesays.com\/se\/wp-json\/wp\/v2\/media\/111840"}],"wp:attachment":[{"href":"https:\/\/www.europesays.com\/se\/wp-json\/wp\/v2\/media?parent=111839"}],"wp:term":[{"taxonomy":"category","embeddable":true,"href":"https:\/\/www.europesays.com\/se\/wp-json\/wp\/v2\/categories?post=111839"},{"taxonomy":"post_tag","embeddable":true,"href":"https:\/\/www.europesays.com\/se\/wp-json\/wp\/v2\/tags?post=111839"}],"curies":[{"name":"wp","href":"https:\/\/api.w.org\/{rel}","templated":true}]}}