{"id":111842,"date":"2025-12-20T09:03:13","date_gmt":"2025-12-20T09:03:13","guid":{"rendered":"https:\/\/www.europesays.com\/se\/111842\/"},"modified":"2025-12-20T09:03:13","modified_gmt":"2025-12-20T09:03:13","slug":"green-cargo-rekryterar-ny-produktionsdirektor-jarnvagar-nu","status":"publish","type":"post","link":"https:\/\/www.europesays.com\/se\/111842\/","title":{"rendered":"Green Cargo rekryterar ny produktionsdirekt\u00f6r \u2013 J\u00e4rnv\u00e4gar.nu"},"content":{"rendered":"<p>Erika Ahlqvist kommer n\u00e4rmast fr\u00e5n rollen som vd f\u00f6r MTR Facility Management, som ing\u00e5r i MTR Nordic Group. Hon har l\u00e5ng erfarenhet av att leda komplex operativ verksamhet med tydligt fokus p\u00e5 effektivitet, kvalitet och kundv\u00e4rde.<\/p>\n<p>\u201cJag \u00e4r mycket glad \u00f6ver att Erika har valt att tacka ja till uppdraget som produktionsdirekt\u00f6r hos oss p\u00e5 Green Cargo. Hon kommer att ha en viktig roll i v\u00e5rt arbete med att skapa l\u00e5ngsiktig l\u00f6nsamhet. Erikas erfarenhet av att utveckla verksamheter med h\u00f6ga krav p\u00e5 leveransprecision och kundfokus passar Green Cargo v\u00e4l\u201d, s\u00e4ger vd Henrik Dahlin<\/p>\n<p>Produktionsavdelningen utg\u00f6r Green Cargos operativa k\u00e4rnverksamhet. I avdelningen ing\u00e5r samtliga lokf\u00f6rare och bang\u00e5rdsoperat\u00f6rer, liksom funktioner f\u00f6r planering, driftledning och verksamhetsutveckling. Produktionsdirekt\u00f6ren har sju direktrapporterande chefer.<\/p>\n","protected":false},"excerpt":{"rendered":"Erika Ahlqvist kommer n\u00e4rmast fr\u00e5n rollen som vd f\u00f6r MTR Facility Management, som ing\u00e5r i MTR Nordic Group.&hellip;\n","protected":false},"author":2,"featured_media":111843,"comment_status":"","ping_status":"","sticky":false,"template":"","format":"standard","meta":{"footnotes":""},"categories":[65],"tags":[72,70,71,3284,34,31,33,32,30],"class_list":{"0":"post-111842","1":"post","2":"type-post","3":"status-publish","4":"format-standard","5":"has-post-thumbnail","7":"category-ekonomi","8":"tag-business","9":"tag-economy","10":"tag-ekonomi","11":"tag-godstrafik","12":"tag-se","13":"tag-svenska","14":"tag-sverige","15":"tag-sweden","16":"tag-swedish"},"share_on_mastodon":{"url":"https:\/\/pubeurope.com\/@se\/115751092421744637","error":""},"_links":{"self":[{"href":"https:\/\/www.europesays.com\/se\/wp-json\/wp\/v2\/posts\/111842","targetHints":{"allow":["GET"]}}],"collection":[{"href":"https:\/\/www.europesays.com\/se\/wp-json\/wp\/v2\/posts"}],"about":[{"href":"https:\/\/www.europesays.com\/se\/wp-json\/wp\/v2\/types\/post"}],"author":[{"embeddable":true,"href":"https:\/\/www.europesays.com\/se\/wp-json\/wp\/v2\/users\/2"}],"replies":[{"embeddable":true,"href":"https:\/\/www.europesays.com\/se\/wp-json\/wp\/v2\/comments?post=111842"}],"version-history":[{"count":0,"href":"https:\/\/www.europesays.com\/se\/wp-json\/wp\/v2\/posts\/111842\/revisions"}],"wp:featuredmedia":[{"embeddable":true,"href":"https:\/\/www.europesays.com\/se\/wp-json\/wp\/v2\/media\/111843"}],"wp:attachment":[{"href":"https:\/\/www.europesays.com\/se\/wp-json\/wp\/v2\/media?parent=111842"}],"wp:term":[{"taxonomy":"category","embeddable":true,"href":"https:\/\/www.europesays.com\/se\/wp-json\/wp\/v2\/categories?post=111842"},{"taxonomy":"post_tag","embeddable":true,"href":"https:\/\/www.europesays.com\/se\/wp-json\/wp\/v2\/tags?post=111842"}],"curies":[{"name":"wp","href":"https:\/\/api.w.org\/{rel}","templated":true}]}}