{"id":111846,"date":"2025-12-20T09:13:47","date_gmt":"2025-12-20T09:13:47","guid":{"rendered":"https:\/\/www.europesays.com\/se\/111846\/"},"modified":"2025-12-20T09:13:47","modified_gmt":"2025-12-20T09:13:47","slug":"annu-en-adelmetall-rekordrusar-gynnas-av-eu-beslut","status":"publish","type":"post","link":"https:\/\/www.europesays.com\/se\/111846\/","title":{"rendered":"\u00c4nnu en \u00e4delmetall rekordrusar: \u201dGynnas av EU-beslut\u201d"},"content":{"rendered":"<p class=\"\">Platinapriset nuddade under torsdagskv\u00e4llen den h\u00f6gsta niv\u00e5n p\u00e5 \u00f6ver 14 \u00e5r och hade strax efter kl. 20:00 stigit med drygt 1,5 procent f\u00f6r dagen och dryga 120 procent f\u00f6r \u00e5ret till ett pris p\u00e5 1 971,60 dollar per uns.<\/p>\n<p class=\"\">Guld och silver f\u00e5r d\u00e4rmed s\u00e4llskap av en tredje \u00e4delmetall som kl\u00e4ttrat till historiskt h\u00f6ga prisniv\u00e5er under \u00e5ret.<\/p>\n<p class=\"\">\u2013 Om det finns i det periodiska systemet och har ett atomnummer \u00e4r det en trade bort fr\u00e5n traditionella valutor, s\u00e4ger Jeffrey Currie, chefsstrateg vid Carlyle Energy Pathways till CNBC och pekar ut platina som en s\u00e4rskilt stor vinnare i det p\u00e5g\u00e5ende nyhetsfl\u00f6det.<br \/>\u2013 Anledningen till att det \u00e4r den metall jag tycker man vill \u00e4ga just nu \u00e4r nyheterna fr\u00e5n EU i veckan om att <a class=\"null text-blue-link underline\" href=\"https:\/\/efn.se\/kristersson-om-skrotat-bensinbilsforbud-finns-en-risk\" rel=\"nofollow noopener\" target=\"_blank\">ta bort f\u00f6rbudet mot f\u00f6rbr\u00e4nningsmotorer<\/a>, f\u00f6r platina landar ocks\u00e5 i fordonskategorin.<\/p>\n<p>Sker p\u00e5 tv\u00e5 plan<\/p>\n<p class=\"\">Investeringsr\u00f6relser bort fr\u00e5n s\u00e5 v\u00e4l dollarn i synnerhet som traditionella valutor och r\u00e4ntepapper i allm\u00e4nhet beskrivs av Jeffrey Currie som tudelad.<\/p>\n<p class=\"\">Under h\u00f6sten och vintern har begreppet \u201ddebasement trade\u201d blivit allt mer etablerat \u2013 investeringar i tillg\u00e5ngar som metaller och kryptovalutor i st\u00e4llet f\u00f6r statsobligationer och dominerande valutor som den amerikanska dollarn, f\u00f6r vilka oron beskrivits \u00f6ka till f\u00f6ljd av v\u00e4xande statsskulder och farh\u00e5gor om minskat oberoende f\u00f6r framf\u00f6r allt USA:s centralbank. <\/p>\n<p class=\"\">\u2013 Det finns de som vill \u00e4ga andra tillg\u00e5ngar \u00e4n fiat-valutor och det finns de som inte vill \u00e4ga dollar och riskera att bli f\u00f6rem\u00e5l f\u00f6r amerikanska sanktioner. D\u00e4r har vi Kina och Ryssland som f\u00f6rs\u00f6ker undvika att centralbankstillg\u00e5ngar beslagtas, s\u00e4ger Jeffrey Currie.<br \/>\u2013 Det finns tv\u00e5 sorters dynamik h\u00e4r d\u00e4r guldpriset pressas upp\u00e5t av centralbanker medan investerare p\u00e5 utvecklade marknader vill \u00e4ga guld, silver, \u00e4delmetaller i huvudsak som \u201ddebasement&#8221;.<\/p>\n<p class=\"\">Hedgefondj\u00e4tten Citadel Securities grundare och vd Ken Griffin beskrev i b\u00f6rjan av december m\u00f6nstret som starkt bidragande till att US Dollar Index sedan \u00e5rets b\u00f6rjan tappat dryga 9 procent av sitt v\u00e4rde.<\/p>\n<p class=\"\">\u2013 Det \u00e4r det st\u00f6rsta fallet f\u00f6r dollarn under en sexm\u00e5nadersperiod p\u00e5 50 \u00e5r, konstaterade Griffin under en investerarkonferens.<\/p>\n","protected":false},"excerpt":{"rendered":"Platinapriset nuddade under torsdagskv\u00e4llen den h\u00f6gsta niv\u00e5n p\u00e5 \u00f6ver 14 \u00e5r och hade strax efter kl. 20:00 stigit&hellip;\n","protected":false},"author":2,"featured_media":111847,"comment_status":"","ping_status":"","sticky":false,"template":"","format":"standard","meta":{"footnotes":""},"categories":[65],"tags":[72,70,71,34,31,33,32,30],"class_list":{"0":"post-111846","1":"post","2":"type-post","3":"status-publish","4":"format-standard","5":"has-post-thumbnail","7":"category-ekonomi","8":"tag-business","9":"tag-economy","10":"tag-ekonomi","11":"tag-se","12":"tag-svenska","13":"tag-sverige","14":"tag-sweden","15":"tag-swedish"},"share_on_mastodon":{"url":"https:\/\/pubeurope.com\/@se\/115751135659047221","error":""},"_links":{"self":[{"href":"https:\/\/www.europesays.com\/se\/wp-json\/wp\/v2\/posts\/111846","targetHints":{"allow":["GET"]}}],"collection":[{"href":"https:\/\/www.europesays.com\/se\/wp-json\/wp\/v2\/posts"}],"about":[{"href":"https:\/\/www.europesays.com\/se\/wp-json\/wp\/v2\/types\/post"}],"author":[{"embeddable":true,"href":"https:\/\/www.europesays.com\/se\/wp-json\/wp\/v2\/users\/2"}],"replies":[{"embeddable":true,"href":"https:\/\/www.europesays.com\/se\/wp-json\/wp\/v2\/comments?post=111846"}],"version-history":[{"count":0,"href":"https:\/\/www.europesays.com\/se\/wp-json\/wp\/v2\/posts\/111846\/revisions"}],"wp:featuredmedia":[{"embeddable":true,"href":"https:\/\/www.europesays.com\/se\/wp-json\/wp\/v2\/media\/111847"}],"wp:attachment":[{"href":"https:\/\/www.europesays.com\/se\/wp-json\/wp\/v2\/media?parent=111846"}],"wp:term":[{"taxonomy":"category","embeddable":true,"href":"https:\/\/www.europesays.com\/se\/wp-json\/wp\/v2\/categories?post=111846"},{"taxonomy":"post_tag","embeddable":true,"href":"https:\/\/www.europesays.com\/se\/wp-json\/wp\/v2\/tags?post=111846"}],"curies":[{"name":"wp","href":"https:\/\/api.w.org\/{rel}","templated":true}]}}