{"id":111853,"date":"2025-12-20T09:30:16","date_gmt":"2025-12-20T09:30:16","guid":{"rendered":"https:\/\/www.europesays.com\/se\/111853\/"},"modified":"2025-12-20T09:30:16","modified_gmt":"2025-12-20T09:30:16","slug":"anna-lovheim-sanningens-minut-for-manga-muslimer-nt","status":"publish","type":"post","link":"https:\/\/www.europesays.com\/se\/111853\/","title":{"rendered":"ANNA L\u00d6VHEIM: Sanningens minut f\u00f6r m\u00e5nga muslimer! &#8211; NT"},"content":{"rendered":"<ol>\n<li><a href=\"https:\/\/news.google.com\/rss\/articles\/CBMijgFBVV95cUxOVlFrRE1wYUYwMkFRSUpMS2FGM3RHaTJUbE92dG04ZmFHQUZDaHZuSDJZV1FqMllZOXZTTV9yZlhXSHFZT0ZnQzFVNTBpYXM0QUVUTVdja3JwTm16ZE4tOU1MaHRPMlNSUnZFejcwYkVaamlIUHpCZ0VBUmk1eHRMQlY4MVowbTFzS1Fzb0x3?oc=5\" target=\"_blank\" rel=\"nofollow noopener\">ANNA L\u00d6VHEIM: Sanningens minut f\u00f6r m\u00e5nga muslimer!<\/a>&nbsp;&nbsp;NT<\/li>\n<li><a href=\"https:\/\/news.google.com\/rss\/articles\/CBMiowFBVV95cUxQS0pRRFVTT0trNVRHRHVBcWs2S0dkV0JUSzJFVVIwQVFzZUtqbUVMQVJnd0duSnZRSW5yS0ZGakVKY0YtTWRvWkx6MWY3LXNQTzkwLWdmN0VieWtMSjBMcDJ0TTF3ZkVqd0NURDNGZWhPOHVCaWtHdFNiTFpGZ2dSZmVVaG9pWmtmXzI3WVYzZjExS2c0U1JoUkdmWG5FNWlKQV9B?oc=5\" target=\"_blank\" rel=\"nofollow noopener\">Ahmed al-Ahmed f\u00e5r miljoncheck efter insatsen i Sydney<\/a>&nbsp;&nbsp;SVT Nyheter<\/li>\n<li><a href=\"https:\/\/news.google.com\/rss\/articles\/CBMikgFBVV95cUxOaG9qRmhuSVlzSjgwaTg5OUlvbWRPNkNwQk1ZSnZ6M0EyUmJYRVRTRzBwNUVOMG13T01iWUY2djFxMktyU0lVMFVwcVRhNWtZbUk3M3pVWUJZa0oyZ0J4ODJmT3hjQ3NXZGh1Wkh1RW9kWUpZRnlNanN4eDBXZlNPVUhOU1BFeWZLemlyUjI3ODludw?oc=5\" target=\"_blank\" rel=\"nofollow noopener\">\u201dAlla wokem\u00e4nniskor spelar dem i h\u00e4nderna\u201d<\/a>&nbsp;&nbsp;SvD<\/li>\n<li><a href=\"https:\/\/news.google.com\/rss\/articles\/CBMinwFBVV95cUxPRE9EN3lWcHBJalhtbk5UclZtSVZnUW1hS0txUFBua25FUGVBYWtvTzd5V1EyUkowblktYy1iWWxud3FnY25ualNGVHN2MVpiOFdHWDBpZzNDbjZCX0FjXzU2WVZQOWZ1elBvVVF3c3U3MnFfdHFPc1FTaGN3MF9lZGNCVWNXWVcwX21STVR5UDhUWXVwTGZLZmk3MGJLY1U?oc=5\" target=\"_blank\" rel=\"nofollow noopener\">Ekot 22:00 USA:s justitiedepartement sl\u00e4pper Epstein-dokumenten 19 december 2025 &#8211; Ekot nyhetss\u00e4ndning<\/a>&nbsp;&nbsp;Sveriges Radio<\/li>\n<li><a href=\"https:\/\/news.google.com\/rss\/articles\/CBMiigFBVV95cUxQVXlyblZadkdLRFR1amVDOExySGpxUkdtcWJhblNNT0p5TTVGamhIeFMySXZxOVl2aXNiNHhMaXBEOU5GMHRoSkRkNXRXY21lbHI2bnRJUGozVzU0NlVPREVyOVJueGNsVTlzSE9uY0otZUZXaXlNTW42a2l5VWYzRTc3N2VfM1QtT1E?oc=5\" target=\"_blank\" rel=\"nofollow noopener\">&#8221;Bondi Beach-hj\u00e4lten&#8221; f\u00e5r miljonbelopp<\/a>&nbsp;&nbsp;Aftonbladet<\/li>\n<\/ol>\n","protected":false},"excerpt":{"rendered":"ANNA L\u00d6VHEIM: Sanningens minut f\u00f6r m\u00e5nga muslimer!&nbsp;&nbsp;NT Ahmed al-Ahmed f\u00e5r miljoncheck efter insatsen i Sydney&nbsp;&nbsp;SVT Nyheter \u201dAlla wokem\u00e4nniskor&hellip;\n","protected":false},"author":2,"featured_media":111854,"comment_status":"","ping_status":"","sticky":false,"template":"","format":"standard","meta":{"footnotes":""},"categories":[14],"tags":[22,23,26,27,17,21,24,25,28,29,15,16,18,34,31,33,32,30,19,20,51,52,53,54],"class_list":{"0":"post-111853","1":"post","2":"type-post","3":"status-publish","4":"format-standard","5":"has-post-thumbnail","7":"category-varlden","8":"tag-breaking-news","9":"tag-breakingnews","10":"tag-featured-news","11":"tag-featurednews","12":"tag-headlines","13":"tag-huvudnyheter","14":"tag-latest-news","15":"tag-latestnews","16":"tag-main-news","17":"tag-mainnews","18":"tag-news","19":"tag-nyheter","20":"tag-rubriker","21":"tag-se","22":"tag-svenska","23":"tag-sverige","24":"tag-sweden","25":"tag-swedish","26":"tag-top-stories","27":"tag-topstories","28":"tag-varlden","29":"tag-world","30":"tag-world-news","31":"tag-worldnews"},"share_on_mastodon":{"url":"https:\/\/pubeurope.com\/@se\/115751198794900759","error":""},"_links":{"self":[{"href":"https:\/\/www.europesays.com\/se\/wp-json\/wp\/v2\/posts\/111853","targetHints":{"allow":["GET"]}}],"collection":[{"href":"https:\/\/www.europesays.com\/se\/wp-json\/wp\/v2\/posts"}],"about":[{"href":"https:\/\/www.europesays.com\/se\/wp-json\/wp\/v2\/types\/post"}],"author":[{"embeddable":true,"href":"https:\/\/www.europesays.com\/se\/wp-json\/wp\/v2\/users\/2"}],"replies":[{"embeddable":true,"href":"https:\/\/www.europesays.com\/se\/wp-json\/wp\/v2\/comments?post=111853"}],"version-history":[{"count":0,"href":"https:\/\/www.europesays.com\/se\/wp-json\/wp\/v2\/posts\/111853\/revisions"}],"wp:featuredmedia":[{"embeddable":true,"href":"https:\/\/www.europesays.com\/se\/wp-json\/wp\/v2\/media\/111854"}],"wp:attachment":[{"href":"https:\/\/www.europesays.com\/se\/wp-json\/wp\/v2\/media?parent=111853"}],"wp:term":[{"taxonomy":"category","embeddable":true,"href":"https:\/\/www.europesays.com\/se\/wp-json\/wp\/v2\/categories?post=111853"},{"taxonomy":"post_tag","embeddable":true,"href":"https:\/\/www.europesays.com\/se\/wp-json\/wp\/v2\/tags?post=111853"}],"curies":[{"name":"wp","href":"https:\/\/api.w.org\/{rel}","templated":true}]}}