{"id":111855,"date":"2025-12-20T09:31:14","date_gmt":"2025-12-20T09:31:14","guid":{"rendered":"https:\/\/www.europesays.com\/se\/111855\/"},"modified":"2025-12-20T09:31:14","modified_gmt":"2025-12-20T09:31:14","slug":"debatt-region-uppsala-maste-ga-till-botten-med-sprakbristerna-i-varden-unt","status":"publish","type":"post","link":"https:\/\/www.europesays.com\/se\/111855\/","title":{"rendered":"DEBATT: Region Uppsala m\u00e5ste g\u00e5 till botten med spr\u00e5kbristerna i v\u00e5rden &#8211; UNT"},"content":{"rendered":"<ol>\n<li><a href=\"https:\/\/news.google.com\/rss\/articles\/CBMiqgFBVV95cUxNXzktQUlQVENoelp3TmR1bnZaLTB4bnJ2ZC1EeVdiWTVrbllHbmJiN0gwdGp2RUh6TnNBYVpzVER2b3R4WVB3R2VycFpBUUExLTE5cXRoYmNOMFVRQ0VJREpBNU55aVBqenlNQS1NZVhPc2lWTG9zQzNVTFU3QkxhV0oxa0p3TTJBRTJJSjMyUThuQ3JXRlgxaW8xd2JBcGFEcEc0dFFMSjFRZw?oc=5\" target=\"_blank\" rel=\"nofollow noopener\">DEBATT: Region Uppsala m\u00e5ste g\u00e5 till botten med spr\u00e5kbristerna i v\u00e5rden<\/a>&nbsp;&nbsp;UNT<\/li>\n<li><a href=\"https:\/\/news.google.com\/rss\/articles\/CBMifkFVX3lxTE1Qb2VLQ25yVjdvRHFKWXlWeHlYNFRjMHFoMlFCSEpPMURGWXAwaTNmU2FwYlF2aEd0UDFGSlk0Z29YMGl6dXU5R0wtLUtNUTJMYk5GLVp2andKaUJ2R011cVlMTzdGOW1XNlZ2RWVqdFlhajI5QU5pblRXMDdBQQ?oc=5\" target=\"_blank\" rel=\"nofollow noopener\">St\u00e4rkta spr\u00e5kkunskaper i \u00e4ldreomsorgen<\/a>&nbsp;&nbsp;Liberalerna<\/li>\n<li><a href=\"https:\/\/news.google.com\/rss\/articles\/CBMiqgFBVV95cUxQdmFZUnVQbnJPNEtydnZiTmlDYmVCTWg3c0tJRXIzSjhIakxETnJjN081M29rdTJvVTR0Q3ZkaVpYRERKQkdUQWoxb0NUWGJfSlY2T3c1MDZYYVZHemJKU0g4S25BVy0yaXE4WU1IdUEyVWRwMGdGTHFZS2xCc0VQd0czbUVIdkRxc0h6WFUzeG5iNGYtQUx6cVFpMlp1Z3lyMDVSdDlsdDRSdw?oc=5\" target=\"_blank\" rel=\"nofollow noopener\">DEBATT: MP: Fokus b\u00f6r ligga p\u00e5 hur spr\u00e5kinl\u00e4rningen faktiskt fungerar<\/a>&nbsp;&nbsp;Corren<\/li>\n<li><a href=\"https:\/\/news.google.com\/rss\/articles\/CBMiogFBVV95cUxPLU94OUJ6dm1pWXBselE5ZW41VkxLenlBZ0NNX1NxdmtsVnp0b1hSVnVFSTItQVVPdHIwOHlkaHhCVkRJRkliLVp5c2xHRy1NLWM2OGVCay1pMGYtZWlRc0tDVjhVUmJhMUVjNk9feEpWM0NvZHpqekVMNTRkTk9tZ1J6dzQwTjZDYkhkUEpvbW9lNDFKVVNraWVoYjBEdkZObVE?oc=5\" target=\"_blank\" rel=\"nofollow noopener\">LEDARE: Fina kommunala projekt som inte genomf\u00f6rs gl\u00e4der ju ingen<\/a>&nbsp;&nbsp;Borl\u00e4nge Tidning<\/li>\n<li><a href=\"https:\/\/news.google.com\/rss\/articles\/CBMigwFBVV95cUxNZnNJbjY4aUhCb3NlOU9vUXdla0xsY3JoZ0ZTVEpKX2RielEwTGRNR1VwMnMyWXNMYy1HZnMtRmJCYXlhSHhSNlhMTDhLN0g4S1h5aFZhV2lKUzQ3dGhBamNtbmNVZnFMR0lGWGo4Ul9uZ2wxRzd0cUJnTkswUFROaVRWbw?oc=5\" target=\"_blank\" rel=\"nofollow noopener\">INS\u00c4NDARE: Nu inf\u00f6r vi spr\u00e5kkrav i \u00e4ldreomsorgen<\/a>&nbsp;&nbsp;Sm\u00e5l\u00e4nningen<\/li>\n<\/ol>\n","protected":false},"excerpt":{"rendered":"DEBATT: Region Uppsala m\u00e5ste g\u00e5 till botten med spr\u00e5kbristerna i v\u00e5rden&nbsp;&nbsp;UNT St\u00e4rkta spr\u00e5kkunskaper i \u00e4ldreomsorgen&nbsp;&nbsp;Liberalerna DEBATT: MP: Fokus&hellip;\n","protected":false},"author":2,"featured_media":111856,"comment_status":"","ping_status":"","sticky":false,"template":"","format":"standard","meta":{"footnotes":""},"categories":[12],"tags":[22,23,26,27,17,21,24,25,28,29,15,16,18,34,31,33,32,30,19,20],"class_list":{"0":"post-111855","1":"post","2":"type-post","3":"status-publish","4":"format-standard","5":"has-post-thumbnail","7":"category-sverige","8":"tag-breaking-news","9":"tag-breakingnews","10":"tag-featured-news","11":"tag-featurednews","12":"tag-headlines","13":"tag-huvudnyheter","14":"tag-latest-news","15":"tag-latestnews","16":"tag-main-news","17":"tag-mainnews","18":"tag-news","19":"tag-nyheter","20":"tag-rubriker","21":"tag-se","22":"tag-svenska","23":"tag-sverige","24":"tag-sweden","25":"tag-swedish","26":"tag-top-stories","27":"tag-topstories"},"share_on_mastodon":{"url":"https:\/\/pubeurope.com\/@se\/115751202559474358","error":""},"_links":{"self":[{"href":"https:\/\/www.europesays.com\/se\/wp-json\/wp\/v2\/posts\/111855","targetHints":{"allow":["GET"]}}],"collection":[{"href":"https:\/\/www.europesays.com\/se\/wp-json\/wp\/v2\/posts"}],"about":[{"href":"https:\/\/www.europesays.com\/se\/wp-json\/wp\/v2\/types\/post"}],"author":[{"embeddable":true,"href":"https:\/\/www.europesays.com\/se\/wp-json\/wp\/v2\/users\/2"}],"replies":[{"embeddable":true,"href":"https:\/\/www.europesays.com\/se\/wp-json\/wp\/v2\/comments?post=111855"}],"version-history":[{"count":0,"href":"https:\/\/www.europesays.com\/se\/wp-json\/wp\/v2\/posts\/111855\/revisions"}],"wp:featuredmedia":[{"embeddable":true,"href":"https:\/\/www.europesays.com\/se\/wp-json\/wp\/v2\/media\/111856"}],"wp:attachment":[{"href":"https:\/\/www.europesays.com\/se\/wp-json\/wp\/v2\/media?parent=111855"}],"wp:term":[{"taxonomy":"category","embeddable":true,"href":"https:\/\/www.europesays.com\/se\/wp-json\/wp\/v2\/categories?post=111855"},{"taxonomy":"post_tag","embeddable":true,"href":"https:\/\/www.europesays.com\/se\/wp-json\/wp\/v2\/tags?post=111855"}],"curies":[{"name":"wp","href":"https:\/\/api.w.org\/{rel}","templated":true}]}}