{"id":111857,"date":"2025-12-20T09:32:23","date_gmt":"2025-12-20T09:32:23","guid":{"rendered":"https:\/\/www.europesays.com\/se\/111857\/"},"modified":"2025-12-20T09:32:23","modified_gmt":"2025-12-20T09:32:23","slug":"forundersokningen-om-bussolyckan-laggs-ner","status":"publish","type":"post","link":"https:\/\/www.europesays.com\/se\/111857\/","title":{"rendered":"F\u00f6runders\u00f6kningen om bussolyckan l\u00e4ggs ner"},"content":{"rendered":"<p class=\"text\">Chauff\u00f6ren som k\u00f6rde olycksbussen p\u00e5 Valhallav\u00e4gen drabbades av en pl\u00f6tslig sjukdom som varken var sj\u00e4lvf\u00f6rv\u00e5llad eller m\u00f6jlig att f\u00f6rutse.<\/p>\n<p class=\"text\">Det visar polisens utredning, och i dag har \u00e5klagaren avskrivit alla brottsmisstankar mot chauff\u00f6ren.<\/p>\n<p class=\"text\">\u2013 Han har d\u00e4rf\u00f6r helt kunnat avf\u00f6ras som misst\u00e4nkt, s\u00e4ger senior \u00e5klagare Carolina Frohm som varit f\u00f6runders\u00f6kningsledare, i ett pressmeddelande.<\/p>\n<p class=\"text\">Utredningen visar ocks\u00e5 att det inte funnits n\u00e5gra tekniska fel p\u00e5 bussen, och att den inte \u00f6verskred h\u00f6gsta till\u00e5tna hastighet i samband med olyckan d\u00e4r tre kvinnor omkom.<\/p>\n<p class=\"text\">\u2013 Det var fr\u00e5ga om en tragisk olycka som drabbade m\u00e5nga m\u00e4nniskor. Sammanfattningsvis \u00e4r min bed\u00f6mning att inget brott har beg\u00e5tts och f\u00f6runders\u00f6kningen l\u00e4ggs d\u00e4rf\u00f6r ner, s\u00e4ger Carolina Frohm.<\/p>\n<p class=\"text\">SL skriver i ett mejl till Mitt i att de tar del av slutsatserna fr\u00e5n r\u00e4ttsv\u00e4sendet.<\/p>\n<p class=\"text\">&#8221;Om det finns l\u00e4rdomar eller behov av \u00e5tg\u00e4rder kommer vi att arbeta vidare med dem tillsammans med v\u00e5ra operat\u00f6rer och andra ber\u00f6rda akt\u00f6rer&#8221;, skriver presschefen Andreas Str\u00f6mberg.<\/p>\n","protected":false},"excerpt":{"rendered":"Chauff\u00f6ren som k\u00f6rde olycksbussen p\u00e5 Valhallav\u00e4gen drabbades av en pl\u00f6tslig sjukdom som varken var sj\u00e4lvf\u00f6rv\u00e5llad eller m\u00f6jlig att&hellip;\n","protected":false},"author":2,"featured_media":111858,"comment_status":"","ping_status":"","sticky":false,"template":"","format":"standard","meta":{"footnotes":""},"categories":[5],"tags":[22,23,26,27,17,21,24,25,28,29,15,16,18,34,31,33,32,30,19,20],"class_list":{"0":"post-111857","1":"post","2":"type-post","3":"status-publish","4":"format-standard","5":"has-post-thumbnail","7":"category-rubriker","8":"tag-breaking-news","9":"tag-breakingnews","10":"tag-featured-news","11":"tag-featurednews","12":"tag-headlines","13":"tag-huvudnyheter","14":"tag-latest-news","15":"tag-latestnews","16":"tag-main-news","17":"tag-mainnews","18":"tag-news","19":"tag-nyheter","20":"tag-rubriker","21":"tag-se","22":"tag-svenska","23":"tag-sverige","24":"tag-sweden","25":"tag-swedish","26":"tag-top-stories","27":"tag-topstories"},"share_on_mastodon":{"url":"https:\/\/pubeurope.com\/@se\/115751206468276368","error":""},"_links":{"self":[{"href":"https:\/\/www.europesays.com\/se\/wp-json\/wp\/v2\/posts\/111857","targetHints":{"allow":["GET"]}}],"collection":[{"href":"https:\/\/www.europesays.com\/se\/wp-json\/wp\/v2\/posts"}],"about":[{"href":"https:\/\/www.europesays.com\/se\/wp-json\/wp\/v2\/types\/post"}],"author":[{"embeddable":true,"href":"https:\/\/www.europesays.com\/se\/wp-json\/wp\/v2\/users\/2"}],"replies":[{"embeddable":true,"href":"https:\/\/www.europesays.com\/se\/wp-json\/wp\/v2\/comments?post=111857"}],"version-history":[{"count":0,"href":"https:\/\/www.europesays.com\/se\/wp-json\/wp\/v2\/posts\/111857\/revisions"}],"wp:featuredmedia":[{"embeddable":true,"href":"https:\/\/www.europesays.com\/se\/wp-json\/wp\/v2\/media\/111858"}],"wp:attachment":[{"href":"https:\/\/www.europesays.com\/se\/wp-json\/wp\/v2\/media?parent=111857"}],"wp:term":[{"taxonomy":"category","embeddable":true,"href":"https:\/\/www.europesays.com\/se\/wp-json\/wp\/v2\/categories?post=111857"},{"taxonomy":"post_tag","embeddable":true,"href":"https:\/\/www.europesays.com\/se\/wp-json\/wp\/v2\/tags?post=111857"}],"curies":[{"name":"wp","href":"https:\/\/api.w.org\/{rel}","templated":true}]}}