{"id":111861,"date":"2025-12-20T09:37:33","date_gmt":"2025-12-20T09:37:33","guid":{"rendered":"https:\/\/www.europesays.com\/se\/111861\/"},"modified":"2025-12-20T09:37:33","modified_gmt":"2025-12-20T09:37:33","slug":"utdelningsportfoljen-10-ar-av-utdelning-har-ar-nya-portfoljen-affarsvarlden","status":"publish","type":"post","link":"https:\/\/www.europesays.com\/se\/111861\/","title":{"rendered":"Utdelningsportf\u00f6ljen: 10 \u00e5r av utdelning \u2013 h\u00e4r \u00e4r nya portf\u00f6ljen &#8211; Aff\u00e4rsv\u00e4rlden"},"content":{"rendered":"<ol>\n<li><a href=\"https:\/\/news.google.com\/rss\/articles\/CBMi1AFBVV95cUxOcjlaUWlxa2xaNXUyaWJFZ01jWk15Z0xiTXpuV3Y2czVScUZrQVJIcFYxNXNBNTlzMHhoRkFsNFhsa0E5YVVCSEM3QnhaQmE5THg1OHJuYXNYVzVkMXdyZlZHNmxlQlNBcGxBTjRhTmwzUHRZclo0TWpBQ2dZb3VPeERQajEyOGpqTDRCTlFyaDhEY182cFNsUlVjWm8yVUM0M0hyUFdIakM2SUFuRE8tVGlQTHE1aGNUYzlrbWZZbHhlazRiMG5TNEZIYWJtTTY2cjg5eg?oc=5\" target=\"_blank\" rel=\"nofollow noopener\">Utdelningsportf\u00f6ljen: 10 \u00e5r av utdelning \u2013 h\u00e4r \u00e4r nya portf\u00f6ljen<\/a>&nbsp;&nbsp;Aff\u00e4rsv\u00e4rlden<\/li>\n<li><a href=\"https:\/\/news.google.com\/rss\/articles\/CBMitAFBVV95cUxQVnBCeHBXV290Y1NiMGM5RW5WMHNfTS1VODRsazZiekFOeUNZaDE5NHVCZFVkVXdMdzVZRkdGNnNBd3FPUF9LMWhuNXM5eWF5VV9ZTXJ2YWVSRUtleHdnUmZJaS04NmZNeUhITFV1aTNOdTA1U3JCaExLNjJ5NWRYYkxUU2s5OEV3VElHelE3MGRVQnNJaVpxM3FWLXdvd1dicm52bVFqTHdqWlFjWE83OEJBQVc?oc=5\" target=\"_blank\" rel=\"nofollow noopener\">Utdelningsportf\u00f6ljen 2025: S\u00e5 gick det<\/a>&nbsp;&nbsp;Aff\u00e4rsv\u00e4rlden<\/li>\n<li><a href=\"https:\/\/news.google.com\/rss\/articles\/CBMikgFBVV95cUxQdkk1S2FqeHU3bnF0X0d1TDN3N3NKMjIyRWF6bGpObUtwLXlLdU1qeTZVb3NJdzlHak1tRVhfbHNKNjNOWUd2ODhFY1ZuQlVSb3VEVnlET2hCdFRRNlFDcm12NVROWWw0TDAtQ1NpTHJ1NXFuaVlycWlSVGhIXzY2eHZFSS1xZllpN0U2dlVOTUo4dw?oc=5\" target=\"_blank\" rel=\"nofollow noopener\">Tidningens utdelningsportf\u00f6lj f\u00f6r 2026 \u2013 10 toppvalen<\/a>&nbsp;&nbsp;B\u00f6rskollen<\/li>\n<li><a href=\"https:\/\/news.google.com\/rss\/articles\/CBMiogFBVV95cUxNX0pETnlhRjNLWjU2Z3E3RWVUcDJRTXltOVVNenJMbjcyWUU4ZXhUeDAtdmxKUUtCNjhVU21KVGQ4QkxPM2pHSUNLQ2lNWEl3Y21HYnpySGUyaEp4OEdZc29OOE1vSl9KSDQtM3JINmFvLS1hMGxJc25HVnNjRS14LVBhYm1WWWZWR3c1eGJ3SEZiWkRkRjEybTlsT2J5dWUxNnc?oc=5\" target=\"_blank\" rel=\"nofollow noopener\">H\u00f6gst utdelningspotential 2026 \u2013 dessa v\u00e4ntas h\u00f6ja mest<\/a>&nbsp;&nbsp;Kronan till Miljonen<\/li>\n<li><a href=\"https:\/\/news.google.com\/rss\/articles\/CBMiowFBVV95cUxNRThvT2lSaVROZDdfUzFqRTZodHJDN01UOF9QUlBLRGkxMFJnZGxyVTQ0cVNoNGZFTUFpRDFmdVFhOHBwX2tmeWgwTmp2MHJ4MXBOX0VkQ19KVzZXLVJ2eUhoREZhX2NGUFZGTzBpSWliSU44UkEzTTZTX3U5T2pWUEFFdmhqdTZTZ2JyV1RDNTdGVXR0OGZDS1NSRHlQTEdmUUZv?oc=5\" target=\"_blank\" rel=\"nofollow noopener\">Aff\u00e4rsv\u00e4rlden lanserar ny utdelningsportf\u00f6lj f\u00f6r 2026 med tio aktier<\/a>&nbsp;&nbsp;B\u00f6rsv\u00e4rlden<\/li>\n<\/ol>\n","protected":false},"excerpt":{"rendered":"Utdelningsportf\u00f6ljen: 10 \u00e5r av utdelning \u2013 h\u00e4r \u00e4r nya portf\u00f6ljen&nbsp;&nbsp;Aff\u00e4rsv\u00e4rlden Utdelningsportf\u00f6ljen 2025: S\u00e5 gick det&nbsp;&nbsp;Aff\u00e4rsv\u00e4rlden Tidningens utdelningsportf\u00f6lj f\u00f6r&hellip;\n","protected":false},"author":2,"featured_media":111862,"comment_status":"","ping_status":"","sticky":false,"template":"","format":"standard","meta":{"footnotes":""},"categories":[65],"tags":[72,70,71,34,31,33,32,30],"class_list":{"0":"post-111861","1":"post","2":"type-post","3":"status-publish","4":"format-standard","5":"has-post-thumbnail","7":"category-ekonomi","8":"tag-business","9":"tag-economy","10":"tag-ekonomi","11":"tag-se","12":"tag-svenska","13":"tag-sverige","14":"tag-sweden","15":"tag-swedish"},"share_on_mastodon":{"url":"https:\/\/pubeurope.com\/@se\/115751226225834428","error":""},"_links":{"self":[{"href":"https:\/\/www.europesays.com\/se\/wp-json\/wp\/v2\/posts\/111861","targetHints":{"allow":["GET"]}}],"collection":[{"href":"https:\/\/www.europesays.com\/se\/wp-json\/wp\/v2\/posts"}],"about":[{"href":"https:\/\/www.europesays.com\/se\/wp-json\/wp\/v2\/types\/post"}],"author":[{"embeddable":true,"href":"https:\/\/www.europesays.com\/se\/wp-json\/wp\/v2\/users\/2"}],"replies":[{"embeddable":true,"href":"https:\/\/www.europesays.com\/se\/wp-json\/wp\/v2\/comments?post=111861"}],"version-history":[{"count":0,"href":"https:\/\/www.europesays.com\/se\/wp-json\/wp\/v2\/posts\/111861\/revisions"}],"wp:featuredmedia":[{"embeddable":true,"href":"https:\/\/www.europesays.com\/se\/wp-json\/wp\/v2\/media\/111862"}],"wp:attachment":[{"href":"https:\/\/www.europesays.com\/se\/wp-json\/wp\/v2\/media?parent=111861"}],"wp:term":[{"taxonomy":"category","embeddable":true,"href":"https:\/\/www.europesays.com\/se\/wp-json\/wp\/v2\/categories?post=111861"},{"taxonomy":"post_tag","embeddable":true,"href":"https:\/\/www.europesays.com\/se\/wp-json\/wp\/v2\/tags?post=111861"}],"curies":[{"name":"wp","href":"https:\/\/api.w.org\/{rel}","templated":true}]}}