{"id":111865,"date":"2025-12-20T09:40:26","date_gmt":"2025-12-20T09:40:26","guid":{"rendered":"https:\/\/www.europesays.com\/se\/111865\/"},"modified":"2025-12-20T09:40:26","modified_gmt":"2025-12-20T09:40:26","slug":"anthony-joshua-vinner-superfajten-mot-jake-paul-domarens-kritik","status":"publish","type":"post","link":"https:\/\/www.europesays.com\/se\/111865\/","title":{"rendered":"Anthony Joshua vinner superfajten mot Jake Paul \u2013 domarens kritik"},"content":{"rendered":"<p>Publicerad 20 dec 2025 kl 06.14Uppdaterad kl 09.49<\/p>\n<p>Anthony Joshua vinner superfajten mot Jake Paul.<\/p>\n<p>Den tv\u00e5faldige v\u00e4rldsm\u00e4staren knockade den tidigare youtubern efter sex ronder.<\/p>\n<p>\u2013 Det tog lite l\u00e4ngre tid \u00e4n v\u00e4ntat, men h\u00f6gerhanden hittade r\u00e4tt till slut, s\u00e4ger Joshua direkt efter fajten.<\/p>\n<p><img   alt=\"\"\/> <\/p>\n<p>Foto: LYNNE SLADKY \/ AP TT NYHETSBYR\u00c5N<\/p>\n<p>\u00d6ppna bild i helsk\u00e4rm<img loading=\"lazy\"   alt=\"\"\/> <\/p>\n<p>Foto: LYNNE SLADKY \/ AP TT NYHETSBYR\u00c5N<\/p>\n<p>\u00d6ppna bild i helsk\u00e4rm<img loading=\"lazy\"   alt=\"\"\/> <\/p>\n<p>Foto: LYNNE SLADKY \/ AP TT NYHETSBYR\u00c5N<\/p>\n<p>\u00d6ppna bild i helsk\u00e4rm<\/p>\n<p>Matchen avgjordes i Kaseya center i Miami natten mot l\u00f6rdagen och s\u00e4ndes p\u00e5 Netflix.<\/p>\n<p>Den p\u00e5 f\u00f6rhand utr\u00e4knade Jake Paul klarade sig sex ronder innan han knockades av tv\u00e5faldige tungviktsm\u00e4staren <a href=\"https:\/\/www.expressen.se\/tagg\/person\/anthony-joshua\/\" class=\"\" rel=\"nofollow noopener\" target=\"_blank\">Anthony Joshua<\/a> \u2013 men det var tydligt fr\u00e5n start att det var f\u00f6rsvar snarare \u00e4n attack som var den tidigare youtuberns taktik.<\/p>\n<p>Publiken b\u00f6rjade bua innan ens minut passerat och i den fj\u00e4rde ronden avbr\u00f6t domaren matchen f\u00f6r att s\u00e4ga till duon.<\/p>\n<p>\u2013 Fansen har inte betalat f\u00f6r att se den h\u00e4r skiten.<\/p>\n<p>Enligt uppgifter till brittisk media delar Joshua och Paul p\u00e5 en prispott p\u00e5 140 miljoner pund, drygt 1,7 miljarder kronor.<\/p>\n<p>Orden till Tyson Fury<\/p>\n<p>Efter matchen var Joshua full av lovord f\u00f6r sin motst\u00e5ndare.<\/p>\n<p>\u2013 Han gjorde v\u00e4ldigt bra ifr\u00e5n sig i dag. Han tog sig upp om och om igen, det var tufft men han fortsatte f\u00f6rs\u00f6ka. Det kr\u00e4vs en riktig man f\u00f6r att g\u00f6ra det, s\u00e4ger han.<\/p>\n<p>Han fortsatte sedan med att rikta sig till Tyson Fury, som h\u00e5nat honom inf\u00f6r matchen.<\/p>\n<p>\u2013 Ta p\u00e5 dit ett par handskar och kom och fajtas. Sluta med allt prat och m\u00f6t mig i ringen.<\/p>\n<p>Jake Paul var mest glad \u00f6ver att f\u00e5 vara med.<\/p>\n<p>\u2013 Jag har redan vunnit p\u00e5 alla s\u00e4tt i livet. Den h\u00e4r sporten har hj\u00e4lpt mig s\u00e5 mycket. Jag tror att min k\u00e4ke \u00e4r bruten, manglad av en av de b\u00e4sta n\u00e5gonsin. Jag \u00e4lskar det h\u00e4r och jag kommer att komma tillbaka f\u00f6r att ta ett v\u00e4rldsm\u00e4starb\u00e4lte.<\/p>\n<p>Jake Paul till sjukhus<\/p>\n<p>Kort d\u00e4refter kom beskedet att Jake Paul tvingats st\u00e4lla in presskonferensen efter matchen \u2013 i st\u00e4llet tvingades han \u00e5ka till sjukhuset.<\/p>\n<p>\u2013 Han duschade och k\u00f6rde till sjukhuset. En bruten k\u00e4ke \u00e4r vanligt i sport, framf\u00f6rallt i boxning eller MMA. Det brukar ta fyra till sex veckor att l\u00e4ka, s\u00e4ger promotorn Nakisa Bidarian.<\/p>\n<p>Paul la senare sj\u00e4lv upp ett inl\u00e4gg p\u00e5 Instagram fr\u00e5n sjukhuss\u00e4ngen d\u00e4r han bekr\u00e4ftar att k\u00e4ken \u00e4r bruten.<\/p>\n<p>\u201dTack f\u00f6r allt st\u00f6d, jag \u00e4r okej\u201d, skriver han.<\/p>\n<p><img loading=\"lazy\"   alt=\"\"\/> <\/p>\n<p>Foto: Instagram<\/p>\n<p>\u00d6ppna bild i helsk\u00e4rm<img loading=\"lazy\"   alt=\"\"\/> <\/p>\n<p>Foto: Instagram<\/p>\n<p>\u00d6ppna bild i helsk\u00e4rmMotst\u00e5ndaren greps \u2013 fajten st\u00e4lldes in<\/p>\n<p>Jake Paul hade innan nattens fajt samtalt in totalt tolv segrar och en f\u00f6rlust under sin boxningskarri\u00e4r.\u00a0<\/p>\n<p>Den mest uppm\u00e4rksammade kom f\u00f6r drygt ett \u00e5r sedan, mot boxningslegendaren Mike Tyson.<\/p>\n<p>Paul skulle ha st\u00e4lls mot l\u00e4ttviktsm\u00e4staren Gervonta \u201dTank\u201d Davis den 14 november \u2013 men fajten fick st\u00e4llas in efter att Davis gripits anklagad f\u00f6r bland annat kidnappning och misshandel.<\/p>\n","protected":false},"excerpt":{"rendered":"Publicerad 20 dec 2025 kl 06.14Uppdaterad kl 09.49 Anthony Joshua vinner superfajten mot Jake Paul. Den tv\u00e5faldige v\u00e4rldsm\u00e4staren&hellip;\n","protected":false},"author":2,"featured_media":111866,"comment_status":"","ping_status":"","sticky":false,"template":"","format":"standard","meta":{"footnotes":""},"categories":[5],"tags":[22,23,26,27,17,21,24,25,28,29,15,16,12315,12316,18,34,1330,31,33,32,30,19,20],"class_list":{"0":"post-111865","1":"post","2":"type-post","3":"status-publish","4":"format-standard","5":"has-post-thumbnail","7":"category-rubriker","8":"tag-breaking-news","9":"tag-breakingnews","10":"tag-featured-news","11":"tag-featurednews","12":"tag-headlines","13":"tag-huvudnyheter","14":"tag-latest-news","15":"tag-latestnews","16":"tag-main-news","17":"tag-mainnews","18":"tag-news","19":"tag-nyheter","20":"tag-person-anthony-joshua","21":"tag-person-jake-paul","22":"tag-rubriker","23":"tag-se","24":"tag-sections-boxning","25":"tag-svenska","26":"tag-sverige","27":"tag-sweden","28":"tag-swedish","29":"tag-top-stories","30":"tag-topstories"},"share_on_mastodon":{"url":"https:\/\/pubeurope.com\/@se\/115751237959926518","error":""},"_links":{"self":[{"href":"https:\/\/www.europesays.com\/se\/wp-json\/wp\/v2\/posts\/111865","targetHints":{"allow":["GET"]}}],"collection":[{"href":"https:\/\/www.europesays.com\/se\/wp-json\/wp\/v2\/posts"}],"about":[{"href":"https:\/\/www.europesays.com\/se\/wp-json\/wp\/v2\/types\/post"}],"author":[{"embeddable":true,"href":"https:\/\/www.europesays.com\/se\/wp-json\/wp\/v2\/users\/2"}],"replies":[{"embeddable":true,"href":"https:\/\/www.europesays.com\/se\/wp-json\/wp\/v2\/comments?post=111865"}],"version-history":[{"count":0,"href":"https:\/\/www.europesays.com\/se\/wp-json\/wp\/v2\/posts\/111865\/revisions"}],"wp:featuredmedia":[{"embeddable":true,"href":"https:\/\/www.europesays.com\/se\/wp-json\/wp\/v2\/media\/111866"}],"wp:attachment":[{"href":"https:\/\/www.europesays.com\/se\/wp-json\/wp\/v2\/media?parent=111865"}],"wp:term":[{"taxonomy":"category","embeddable":true,"href":"https:\/\/www.europesays.com\/se\/wp-json\/wp\/v2\/categories?post=111865"},{"taxonomy":"post_tag","embeddable":true,"href":"https:\/\/www.europesays.com\/se\/wp-json\/wp\/v2\/tags?post=111865"}],"curies":[{"name":"wp","href":"https:\/\/api.w.org\/{rel}","templated":true}]}}