{"id":111869,"date":"2025-12-20T09:43:23","date_gmt":"2025-12-20T09:43:23","guid":{"rendered":"https:\/\/www.europesays.com\/se\/111869\/"},"modified":"2025-12-20T09:43:23","modified_gmt":"2025-12-20T09:43:23","slug":"fredrik-eklunds-sorg-mamman-har-gatt-bort","status":"publish","type":"post","link":"https:\/\/www.europesays.com\/se\/111869\/","title":{"rendered":"Fredrik Eklunds sorg \u2013 mamman har g\u00e5tt bort"},"content":{"rendered":"<p>Publicerad 20 dec 2025 kl 09.45<\/p>\n<p>Fredrik Eklund och Sigge Eklund har f\u00f6rlorat sin mamma.\u00a0<\/p>\n<p>Det skriver stj\u00e4rnm\u00e4klaren i ett k\u00e4nslosamt inl\u00e4gg p\u00e5 Instagram.\u00a0<\/p>\n<p>\u201dN\u00e4r en mamma d\u00f6r, d\u00f6r ocks\u00e5 n\u00e5got inom oss\u201d, skriver Fredrik Eklund.\u00a0<\/p>\n<p><img   alt=\"\"\/><\/p>\n<p>P\u00e5 Instagram delar Fredrik Eklund beskedet om sin mammas d\u00f6d.<\/p>\n<p>Foto: Instagram<\/p>\n<p>\u00d6ppna bild i helsk\u00e4rm<img loading=\"lazy\"   alt=\"\"\/><\/p>\n<p>Fredrik och Sigge Eklund p\u00e5 premi\u00e4ren av \u201dBolero\u201d i Stockholm.<\/p>\n<p>Foto: PETER GRANNBY \/ STELLA PICTURES PETER GRANNBY<\/p>\n<p>\u00d6ppna bild i helsk\u00e4rm<\/p>\n<p>\u201dDet finns inga ord som \u00e4r stora nog att beskriva hur djupt vi \u00e4lskade henne \u2014 s\u00e5 kanske kan bilderna tala d\u00e4r spr\u00e5ket inte r\u00e4cker till\u201d, s\u00e5 skriver <a href=\"https:\/\/www.expressen.se\/tagg\/person\/fredrik-eklund\/\" class=\"\" rel=\"nofollow noopener\" target=\"_blank\">Fredrik Eklund<\/a> i ett inl\u00e4gg p\u00e5 Instagram.\u00a0<\/p>\n<p>D\u00e4r framg\u00e5r att han och brodern, poddaren och f\u00f6rfattaren Sigge Eklund, har f\u00f6rlorat sin mamma i sviterna av cancer.\u00a0<\/p>\n<p>I bildspelet syns bilder p\u00e5 honom sj\u00e4lv som liten tillsammans med sin mamma och bror, och bilder fr\u00e5n senare \u00e5r. \u00c4ven Sigge Eklund har lagt upp bilder p\u00e5 deras mamma, som blev 74 \u00e5r gammal.\u00a0<\/p>\n<p>Fredrik Eklund: \u201dNu \u00e4r hon fri\u201d<\/p>\n<p>Fredrik Eklund skriver att han rest fram och tillbaka mellan Sverige och basen i New York f\u00f6r att vara med sin sjuka mamma.\u00a0<\/p>\n<p>\u201dVi \u00e4r lyckligt lottade som fick vara d\u00e4r under hennes sista dagar och h\u00e5lla henne\u201d, skriver han p\u00e5 Instagram.\u00a0<\/p>\n<p>Stj\u00e4rnm\u00e4klaren beskriver sin mamma som privat, stark och intelligent. Hon gillade att m\u00e5la med vattenf\u00e4rger, att l\u00e4sa, baka och laga mat.\u00a0<\/p>\n<p>\u201dI dag vaknade jag upp till skyfall. Regn var hennes favoritv\u00e4der. Hon sa alltid att det fick henne att k\u00e4nna sig fri. Nu \u00e4r hon fri\u201d, skriver Eklund.\u00a0<\/p>\n<p>Expressen har s\u00f6kt Fredrik och Sigge Eklund.<\/p>\n<p><a href=\"https:\/\/www.instagram.com\/p\/DSdBQ3_jr6Y\/?img_index=1?hidecaption=true\" data-provider=\"instagram\" class=\"js-social-embed\" rel=\"nofollow noopener\" target=\"_blank\">https:\/\/www.instagram.com\/p\/DSdBQ3_jr6Y\/?img_index=1?hidecaption=true<\/a><script async src=\"\/\/www.instagram.com\/embed.js\"><\/script><\/p>\n","protected":false},"excerpt":{"rendered":"Publicerad 20 dec 2025 kl 09.45 Fredrik Eklund och Sigge Eklund har f\u00f6rlorat sin mamma.\u00a0 Det skriver stj\u00e4rnm\u00e4klaren&hellip;\n","protected":false},"author":2,"featured_media":111870,"comment_status":"","ping_status":"","sticky":false,"template":"","format":"standard","meta":{"footnotes":""},"categories":[67],"tags":[104,4755,4756,34,31,33,32,30,310,105],"class_list":{"0":"post-111869","1":"post","2":"type-post","3":"status-publish","4":"format-standard","5":"has-post-thumbnail","7":"category-underhallning","8":"tag-entertainment","9":"tag-person-fredrik-eklund","10":"tag-person-sigge-eklund","11":"tag-se","12":"tag-svenska","13":"tag-sverige","14":"tag-sweden","15":"tag-swedish","16":"tag-topic-kandisar","17":"tag-underhallning"},"share_on_mastodon":{"url":"https:\/\/pubeurope.com\/@se\/115751249789327396","error":""},"_links":{"self":[{"href":"https:\/\/www.europesays.com\/se\/wp-json\/wp\/v2\/posts\/111869","targetHints":{"allow":["GET"]}}],"collection":[{"href":"https:\/\/www.europesays.com\/se\/wp-json\/wp\/v2\/posts"}],"about":[{"href":"https:\/\/www.europesays.com\/se\/wp-json\/wp\/v2\/types\/post"}],"author":[{"embeddable":true,"href":"https:\/\/www.europesays.com\/se\/wp-json\/wp\/v2\/users\/2"}],"replies":[{"embeddable":true,"href":"https:\/\/www.europesays.com\/se\/wp-json\/wp\/v2\/comments?post=111869"}],"version-history":[{"count":0,"href":"https:\/\/www.europesays.com\/se\/wp-json\/wp\/v2\/posts\/111869\/revisions"}],"wp:featuredmedia":[{"embeddable":true,"href":"https:\/\/www.europesays.com\/se\/wp-json\/wp\/v2\/media\/111870"}],"wp:attachment":[{"href":"https:\/\/www.europesays.com\/se\/wp-json\/wp\/v2\/media?parent=111869"}],"wp:term":[{"taxonomy":"category","embeddable":true,"href":"https:\/\/www.europesays.com\/se\/wp-json\/wp\/v2\/categories?post=111869"},{"taxonomy":"post_tag","embeddable":true,"href":"https:\/\/www.europesays.com\/se\/wp-json\/wp\/v2\/tags?post=111869"}],"curies":[{"name":"wp","href":"https:\/\/api.w.org\/{rel}","templated":true}]}}