{"id":111871,"date":"2025-12-20T09:46:10","date_gmt":"2025-12-20T09:46:10","guid":{"rendered":"https:\/\/www.europesays.com\/se\/111871\/"},"modified":"2025-12-20T09:46:10","modified_gmt":"2025-12-20T09:46:10","slug":"en-fraga-pa-liv-och-dod","status":"publish","type":"post","link":"https:\/\/www.europesays.com\/se\/111871\/","title":{"rendered":"En fr\u00e5ga p\u00e5 liv och d\u00f6d"},"content":{"rendered":"<p>Den sydkoreanska presidenten Lee Jae Myung f\u00f6resl\u00e5r att regeringen ut\u00f6kar den offentliga sjukv\u00e5rdsf\u00f6rs\u00e4kringen till att \u00e4ven t\u00e4cka behandlingar mot h\u00e5ravfall, rapporterar flera medier. Enligt presidenten \u00e4r det inte ett ytligt problem \u2013 snarare en fr\u00e5ga om \u201dliv och d\u00f6d\u201d, s\u00e4rskilt bland Sydkoreas unga.<\/p>\n<p>M\u00e5nga med h\u00e5ravfall k\u00e4nner sig stigmatiserade i Sydkorea, rapporterar <a href=\"https:\/\/www.bbc.com\/news\/articles\/c773mnpre07o\" target=\"_blank\" rel=\"noopener noreferrer nofollow\">BBC<\/a>. S\u00e4rskilt stor oro upplever unga. Av 240\u00a0000 personer som s\u00f6kte v\u00e5rd f\u00f6r h\u00e5ravfall under 2024 var 40 procent i 20- eller 30-\u00e5rs\u00e5ldern. Lee s\u00e4ger att k\u00e4nslan av \u201dalienation\u201d bland unga vuxit.<\/p>\n","protected":false},"excerpt":{"rendered":"Den sydkoreanska presidenten Lee Jae Myung f\u00f6resl\u00e5r att regeringen ut\u00f6kar den offentliga sjukv\u00e5rdsf\u00f6rs\u00e4kringen till att \u00e4ven t\u00e4cka behandlingar&hellip;\n","protected":false},"author":2,"featured_media":111872,"comment_status":"","ping_status":"","sticky":false,"template":"","format":"standard","meta":{"footnotes":""},"categories":[14],"tags":[22,23,26,27,17,21,24,25,28,29,15,16,18,34,31,33,32,30,19,20,51,52,53,54],"class_list":{"0":"post-111871","1":"post","2":"type-post","3":"status-publish","4":"format-standard","5":"has-post-thumbnail","7":"category-varlden","8":"tag-breaking-news","9":"tag-breakingnews","10":"tag-featured-news","11":"tag-featurednews","12":"tag-headlines","13":"tag-huvudnyheter","14":"tag-latest-news","15":"tag-latestnews","16":"tag-main-news","17":"tag-mainnews","18":"tag-news","19":"tag-nyheter","20":"tag-rubriker","21":"tag-se","22":"tag-svenska","23":"tag-sverige","24":"tag-sweden","25":"tag-swedish","26":"tag-top-stories","27":"tag-topstories","28":"tag-varlden","29":"tag-world","30":"tag-world-news","31":"tag-worldnews"},"share_on_mastodon":{"url":"https:\/\/pubeurope.com\/@se\/115751261541066440","error":""},"_links":{"self":[{"href":"https:\/\/www.europesays.com\/se\/wp-json\/wp\/v2\/posts\/111871","targetHints":{"allow":["GET"]}}],"collection":[{"href":"https:\/\/www.europesays.com\/se\/wp-json\/wp\/v2\/posts"}],"about":[{"href":"https:\/\/www.europesays.com\/se\/wp-json\/wp\/v2\/types\/post"}],"author":[{"embeddable":true,"href":"https:\/\/www.europesays.com\/se\/wp-json\/wp\/v2\/users\/2"}],"replies":[{"embeddable":true,"href":"https:\/\/www.europesays.com\/se\/wp-json\/wp\/v2\/comments?post=111871"}],"version-history":[{"count":0,"href":"https:\/\/www.europesays.com\/se\/wp-json\/wp\/v2\/posts\/111871\/revisions"}],"wp:featuredmedia":[{"embeddable":true,"href":"https:\/\/www.europesays.com\/se\/wp-json\/wp\/v2\/media\/111872"}],"wp:attachment":[{"href":"https:\/\/www.europesays.com\/se\/wp-json\/wp\/v2\/media?parent=111871"}],"wp:term":[{"taxonomy":"category","embeddable":true,"href":"https:\/\/www.europesays.com\/se\/wp-json\/wp\/v2\/categories?post=111871"},{"taxonomy":"post_tag","embeddable":true,"href":"https:\/\/www.europesays.com\/se\/wp-json\/wp\/v2\/tags?post=111871"}],"curies":[{"name":"wp","href":"https:\/\/api.w.org\/{rel}","templated":true}]}}