{"id":111876,"date":"2025-12-20T09:54:18","date_gmt":"2025-12-20T09:54:18","guid":{"rendered":"https:\/\/www.europesays.com\/se\/111876\/"},"modified":"2025-12-20T09:54:18","modified_gmt":"2025-12-20T09:54:18","slug":"efter-hot-om-krig-postnord-stoppar-alla-leveranser","status":"publish","type":"post","link":"https:\/\/www.europesays.com\/se\/111876\/","title":{"rendered":"Efter hot om krig: PostNord stoppar alla leveranser"},"content":{"rendered":"<p>Under fredagsmorgonen gick Postnord ut med information om att postfl\u00f6det till Venezuela har strypts. Enligt logistikbolaget \u00e4r det i nul\u00e4get inte m\u00f6jligt att transportera f\u00f6rs\u00e4ndelser till landet.<\/p>\n<p>Postnord anger &#8221;det oroliga l\u00e4get&#8221; som orsak till beslutet, som publicerades officiellt klockan 09:40 under fredagen.<\/p>\n<p>\u00d6kade sp\u00e4nningar i regionen<\/p>\n<p>Bakgrunden till logistikstoppet sammanfaller med en kraftig upptrappning av konflikten mellan USA och Venezuela. Enligt <a href=\"https:\/\/www.aftonbladet.se\/nyheter\/a\/JOooX8\/trump-utesluter-inte-krig-med-venezuela\" target=\"_blank\" rel=\"noopener nofollow\">Aftonbladet<\/a>, som h\u00e4nvisar till TT, har USA:s president Donald Trump i en intervju med NBC News uppgett att han inte utesluter ett krig mellan l\u00e4nderna.<\/p>\n<p>Den geopolitiska situationen har f\u00f6rv\u00e4rrats under de senaste m\u00e5naderna. Enligt uppgifter har USA:s milit\u00e4r genomf\u00f6rt flera aktioner i Karibiska havet riktade mot misst\u00e4nkta drogsmugglare. I tisdags beordrade president Trump dessutom en blockad mot sanktionsbelagda tankfartyg utanf\u00f6r Venezuelas kust.<\/p>\n<p>USA anklagar, enligt TT, Nicol\u00e1s Maduros styre f\u00f6r inblandning i narkotikasmuggling och migrationsstr\u00f6mmar, vilket lett till det sp\u00e4nda l\u00e4get som nu p\u00e5verkar internationella transporter.<\/p>\n<p>Det framg\u00e5r inte av Postnords meddelande hur l\u00e4nge stoppet f\u00f6rv\u00e4ntas p\u00e5g\u00e5.<\/p>\n","protected":false},"excerpt":{"rendered":"Under fredagsmorgonen gick Postnord ut med information om att postfl\u00f6det till Venezuela har strypts. Enligt logistikbolaget \u00e4r det&hellip;\n","protected":false},"author":2,"featured_media":111877,"comment_status":"","ping_status":"","sticky":false,"template":"","format":"standard","meta":{"footnotes":""},"categories":[14],"tags":[22,23,26,27,17,21,24,25,28,29,15,16,1673,18,34,31,33,32,30,19,20,51,2545,52,53,54],"class_list":{"0":"post-111876","1":"post","2":"type-post","3":"status-publish","4":"format-standard","5":"has-post-thumbnail","7":"category-varlden","8":"tag-breaking-news","9":"tag-breakingnews","10":"tag-featured-news","11":"tag-featurednews","12":"tag-headlines","13":"tag-huvudnyheter","14":"tag-latest-news","15":"tag-latestnews","16":"tag-main-news","17":"tag-mainnews","18":"tag-news","19":"tag-nyheter","20":"tag-postnord","21":"tag-rubriker","22":"tag-se","23":"tag-svenska","24":"tag-sverige","25":"tag-sweden","26":"tag-swedish","27":"tag-top-stories","28":"tag-topstories","29":"tag-varlden","30":"tag-venezuela","31":"tag-world","32":"tag-world-news","33":"tag-worldnews"},"share_on_mastodon":{"url":"https:\/\/pubeurope.com\/@se\/115751292959327362","error":""},"_links":{"self":[{"href":"https:\/\/www.europesays.com\/se\/wp-json\/wp\/v2\/posts\/111876","targetHints":{"allow":["GET"]}}],"collection":[{"href":"https:\/\/www.europesays.com\/se\/wp-json\/wp\/v2\/posts"}],"about":[{"href":"https:\/\/www.europesays.com\/se\/wp-json\/wp\/v2\/types\/post"}],"author":[{"embeddable":true,"href":"https:\/\/www.europesays.com\/se\/wp-json\/wp\/v2\/users\/2"}],"replies":[{"embeddable":true,"href":"https:\/\/www.europesays.com\/se\/wp-json\/wp\/v2\/comments?post=111876"}],"version-history":[{"count":0,"href":"https:\/\/www.europesays.com\/se\/wp-json\/wp\/v2\/posts\/111876\/revisions"}],"wp:featuredmedia":[{"embeddable":true,"href":"https:\/\/www.europesays.com\/se\/wp-json\/wp\/v2\/media\/111877"}],"wp:attachment":[{"href":"https:\/\/www.europesays.com\/se\/wp-json\/wp\/v2\/media?parent=111876"}],"wp:term":[{"taxonomy":"category","embeddable":true,"href":"https:\/\/www.europesays.com\/se\/wp-json\/wp\/v2\/categories?post=111876"},{"taxonomy":"post_tag","embeddable":true,"href":"https:\/\/www.europesays.com\/se\/wp-json\/wp\/v2\/tags?post=111876"}],"curies":[{"name":"wp","href":"https:\/\/api.w.org\/{rel}","templated":true}]}}