{"id":111882,"date":"2025-12-20T10:02:26","date_gmt":"2025-12-20T10:02:26","guid":{"rendered":"https:\/\/www.europesays.com\/se\/111882\/"},"modified":"2025-12-20T10:02:26","modified_gmt":"2025-12-20T10:02:26","slug":"pressad-trump-gick-inte-att-kanna-igen","status":"publish","type":"post","link":"https:\/\/www.europesays.com\/se\/111882\/","title":{"rendered":"Pressad Trump gick inte att k\u00e4nna igen"},"content":{"rendered":"<p>Efter flera dagar av spekulation och sp\u00e4nd f\u00f6rv\u00e4ntan h\u00f6ll Donald Trump i\u202fnatt ett tal till nationen. Han f\u00f6rklarade inte krig mot Venezuela, som vissa trodde, utan \u00e4gnade de 18 minuterna \u00e5t att f\u00f6rsvara sin ekonomiska politik.<\/p>\n<p>Washington Posts Isaac Arnsdorf skriver i en analys att presidenten inte gick att k\u00e4nna igen. Han pratade mycket fortare \u00e4n normalt och h\u00f6jde ibland r\u00f6sten s\u00e5 mycket att det l\u00e4t som skrik.<\/p>\n<p>\u201dHans h\u00f6ga tempo och h\u00e5rda ton gjorde att det l\u00e4t som att han kritiserade folket f\u00f6r att de inte ber\u00f6mmer honom tillr\u00e4ckligt\u201d, skriver Arnsdorf.<\/p>\n<p>New York Times skribent David Sanger tycker att talet \u00e4r ett tydligt bevis f\u00f6r att Trump k\u00e4nner sig stressad. Ett av hans starkaste vall\u00f6ften var att f\u00e5 bukt med den s\u00e5 kallade kostnadskrisen. N\u00e5got som f\u00e5 h\u00e4vdar att han har lyckats med, snart ett \u00e5r in i sin mandatperiod.<\/p>\n<p>\u201dF\u00f6ga f\u00f6rv\u00e5nande skyllde han p\u00e5 sin f\u00f6reg\u00e5ngare Joe Biden redan i den f\u00f6rsta meningen\u201d\u201a skriver Sanger.<\/p>\n<p>Jeffrey Blehar, skribent p\u00e5 konservativa National Review, fr\u00e5gar sig varf\u00f6r Trump h\u00f6ll ett tal som inte inneh\u00f6ll n\u00e5gra nyheter.<\/p>\n<p>\u201d\u00c4rligt talat var leveransen inte den s\u00e4msta, det k\u00e4ndes bara m\u00e4rkligt po\u00e4ngl\u00f6st\u201d\u201a skriver han.<\/p>\n<p>Omni \u00e4r politiskt obundna och oberoende. Vi str\u00e4var efter att ge fler perspektiv p\u00e5 nyheterna. Har du fr\u00e5gor eller synpunkter kring v\u00e5r rapportering? <a href=\"https:\/\/omni.se\/analyser-trump-gick-inte-att-kanna-igen-i-talet\/a\/mailto:redaktion@omni.se\" class=\"ArticleActions_contactLink__W2F1M\" rel=\"nofollow noopener\" target=\"_blank\">Kontakta redaktionen<\/a><\/p>\n","protected":false},"excerpt":{"rendered":"Efter flera dagar av spekulation och sp\u00e4nd f\u00f6rv\u00e4ntan h\u00f6ll Donald Trump i\u202fnatt ett tal till nationen. Han f\u00f6rklarade&hellip;\n","protected":false},"author":2,"featured_media":111883,"comment_status":"","ping_status":"","sticky":false,"template":"","format":"standard","meta":{"footnotes":""},"categories":[14],"tags":[387,1047,22,23,385,26,27,17,21,1479,24,25,28,29,15,268,16,18,34,31,33,32,30,19,20,386,74,51,52,53,54],"class_list":{"0":"post-111882","1":"post","2":"type-post","3":"status-publish","4":"format-standard","5":"has-post-thumbnail","7":"category-varlden","8":"tag-amerikansk-politik","9":"tag-analys","10":"tag-breaking-news","11":"tag-breakingnews","12":"tag-donald-trump","13":"tag-featured-news","14":"tag-featurednews","15":"tag-headlines","16":"tag-huvudnyheter","17":"tag-joe-biden","18":"tag-latest-news","19":"tag-latestnews","20":"tag-main-news","21":"tag-mainnews","22":"tag-news","23":"tag-nordamerika","24":"tag-nyheter","25":"tag-rubriker","26":"tag-se","27":"tag-svenska","28":"tag-sverige","29":"tag-sweden","30":"tag-swedish","31":"tag-top-stories","32":"tag-topstories","33":"tag-trumps-usa","34":"tag-usa","35":"tag-varlden","36":"tag-world","37":"tag-world-news","38":"tag-worldnews"},"share_on_mastodon":{"url":"https:\/\/pubeurope.com\/@se\/115751324427012502","error":""},"_links":{"self":[{"href":"https:\/\/www.europesays.com\/se\/wp-json\/wp\/v2\/posts\/111882","targetHints":{"allow":["GET"]}}],"collection":[{"href":"https:\/\/www.europesays.com\/se\/wp-json\/wp\/v2\/posts"}],"about":[{"href":"https:\/\/www.europesays.com\/se\/wp-json\/wp\/v2\/types\/post"}],"author":[{"embeddable":true,"href":"https:\/\/www.europesays.com\/se\/wp-json\/wp\/v2\/users\/2"}],"replies":[{"embeddable":true,"href":"https:\/\/www.europesays.com\/se\/wp-json\/wp\/v2\/comments?post=111882"}],"version-history":[{"count":0,"href":"https:\/\/www.europesays.com\/se\/wp-json\/wp\/v2\/posts\/111882\/revisions"}],"wp:featuredmedia":[{"embeddable":true,"href":"https:\/\/www.europesays.com\/se\/wp-json\/wp\/v2\/media\/111883"}],"wp:attachment":[{"href":"https:\/\/www.europesays.com\/se\/wp-json\/wp\/v2\/media?parent=111882"}],"wp:term":[{"taxonomy":"category","embeddable":true,"href":"https:\/\/www.europesays.com\/se\/wp-json\/wp\/v2\/categories?post=111882"},{"taxonomy":"post_tag","embeddable":true,"href":"https:\/\/www.europesays.com\/se\/wp-json\/wp\/v2\/tags?post=111882"}],"curies":[{"name":"wp","href":"https:\/\/api.w.org\/{rel}","templated":true}]}}