{"id":111884,"date":"2025-12-20T10:07:22","date_gmt":"2025-12-20T10:07:22","guid":{"rendered":"https:\/\/www.europesays.com\/se\/111884\/"},"modified":"2025-12-20T10:07:22","modified_gmt":"2025-12-20T10:07:22","slug":"james-cameron-kritiserar-oscars-for-att-ignorera-sci-fi-filmer-genren-far-aldrig-rattvist-erkannande","status":"publish","type":"post","link":"https:\/\/www.europesays.com\/se\/111884\/","title":{"rendered":"James Cameron kritiserar Oscars f\u00f6r att ignorera sci-fi-filmer: &#8221;Genren f\u00e5r aldrig r\u00e4ttvist erk\u00e4nnande&#8221;"},"content":{"rendered":"<p><strong>James Cameron<\/strong> h\u00e5ller inte tillbaka. I en ny intervju med <a href=\"https:\/\/www.theglobeandmail.com\/culture\/film-and-tv\/film\/article-inside-the-empire-of-james-cameron-king-of-fire-and-ash\/\" rel=\"nofollow noopener\" target=\"_blank\">The Globe and Mail<\/a> k\u00f6r <a href=\"https:\/\/www.moviezine.se\/?s=titanic\" rel=\"nofollow noopener\" target=\"_blank\">\u201dTitanic\u201d<\/a>-regiss\u00f6ren \u00f6ver Academy Awards och skoningsl\u00f6st pekar p\u00e5 Denis Villeneuves dubbla <a href=\"https:\/\/www.moviezine.se\/?s=dune\" rel=\"nofollow noopener\" target=\"_blank\">\u201dDune\u201d<\/a>-snubb som det ultimata beviset p\u00e5 att Oscars har ett problem med science fiction.<\/p>\n<p>\u2013 Jag t\u00e4nker inte p\u00e5 Oscarsgalan l\u00e4ngre. Jag f\u00f6rs\u00f6ker inte g\u00f6ra filmer f\u00f6r att tilltala deras smak, s\u00e4ger Cameron.<\/p>\n<p>\u2013 De hedrar inte filmer som \u201dAvatar\u201d eller sci-fi i allm\u00e4nhet. Genren f\u00e5r n\u00e4stan aldrig r\u00e4ttvist erk\u00e4nnande.<\/p>\n<p>Villeneuve ignorerad tv\u00e5 g\u00e5nger<\/p>\n<p>Cameron utvecklar sin kritik genom att peka p\u00e5 den kanadensiska regiss\u00f6ren <strong>Denis Villeneuve<\/strong>, vars tv\u00e5 \u201dDune\u201d-filmer b\u00e5de kritiker hyllat och publiken \u00e4lskat, men som Oscarsjuryn systematiskt ignorerat. <\/p>\n<p>\u2013 Denis Villeneuve gjorde tv\u00e5 magnifika \u201dDune\u201d-filmer, och uppenbarligen regisserar filmerna sig sj\u00e4lva, eftersom han inte fick n\u00e5gon nominering som regiss\u00f6r \u2013 inte ens av Directors Guild. Man kan spela awards-spelet, eller g\u00f6ra filmer som folk faktiskt g\u00e5r och ser. Sorry!<\/p>\n<p>Det ironiska \u00e4r att Cameron sj\u00e4lv \u00e4r Hollywoods Oscar-kung. \u201dTitanic\u201d tog hem 11 statyetter 1998 och \u00e4r fortfarande en av de mest bel\u00f6nade filmerna i Oscars historia. Men den tiden verkar vara f\u00f6rbi f\u00f6r regiss\u00f6ren. <\/p>\n<p>I dag ligger hans fokus p\u00e5 n\u00e5got helt annat \u2013 att g\u00f6ra filmer som folk faktiskt vill se. Och d\u00e4r har han lyckats bortom alla f\u00f6rv\u00e4ntningar. \u201dAvatar\u201d \u00e4r fortfarande den mest inkomstbringande filmen genom tiderna med 2,9 miljarder dollar i int\u00e4kter.<\/p>\n<p>Camerons slutsats \u00e4r h\u00e5rd men sv\u00e5r att argumentera emot: Science fiction kan dominera box office och driva filmindustrin fram\u00e5t tekniskt, men Oscars v\u00e4grar ge genren \u2013 och dess m\u00e4stare \u2013 det erk\u00e4nnande den f\u00f6rtj\u00e4nar.<\/p>\n<p>L\u00e4s ocks\u00e5: <a href=\"https:\/\/www.moviezine.se\/nyheter\/quiz-10-fragor-som-avslojar-hur-lite-du-minns-av-avatar\" title=\"Quiz: 10 fr\u00e5gor som avsl\u00f6jar hur lite du minns av \u201dAvatar\u201d\" class=\"underline-custom !font-montserrat !font-bold !underline-offset-4 !decoration-4 !decoration-moviezine-green !text-md\" rel=\"nofollow noopener\" target=\"_blank\">Quiz: 10 fr\u00e5gor som avsl\u00f6jar hur lite du minns av \u201dAvatar\u201d<\/a><\/p>\n<p>L\u00e4s ocks\u00e5: <a href=\"https:\/\/www.moviezine.se\/nyheter\/james-cameron-havdar-att-han-skrev-kultforklarad-90-talsklassiker-utan-att-krediteras\" title=\"James Cameron h\u00e4vdar att han skrev kultf\u00f6rklarad 90-talsklassiker \u2013 utan att krediteras\" class=\"underline-custom !font-montserrat !font-bold !underline-offset-4 !decoration-4 !decoration-moviezine-green !text-md\" rel=\"nofollow noopener\" target=\"_blank\">James Cameron h\u00e4vdar att han skrev kultf\u00f6rklarad 90-talsklassiker \u2013 utan att krediteras<\/a><\/p>\n","protected":false},"excerpt":{"rendered":"James Cameron h\u00e5ller inte tillbaka. I en ny intervju med The Globe and Mail k\u00f6r \u201dTitanic\u201d-regiss\u00f6ren \u00f6ver Academy&hellip;\n","protected":false},"author":2,"featured_media":111885,"comment_status":"","ping_status":"","sticky":false,"template":"","format":"standard","meta":{"footnotes":""},"categories":[67],"tags":[104,9827,2395,34,31,33,32,30,105],"class_list":{"0":"post-111884","1":"post","2":"type-post","3":"status-publish","4":"format-standard","5":"has-post-thumbnail","7":"category-underhallning","8":"tag-entertainment","9":"tag-james-cameron","10":"tag-oscars","11":"tag-se","12":"tag-svenska","13":"tag-sverige","14":"tag-sweden","15":"tag-swedish","16":"tag-underhallning"},"share_on_mastodon":{"url":"https:\/\/pubeurope.com\/@se\/115751344108872011","error":""},"_links":{"self":[{"href":"https:\/\/www.europesays.com\/se\/wp-json\/wp\/v2\/posts\/111884","targetHints":{"allow":["GET"]}}],"collection":[{"href":"https:\/\/www.europesays.com\/se\/wp-json\/wp\/v2\/posts"}],"about":[{"href":"https:\/\/www.europesays.com\/se\/wp-json\/wp\/v2\/types\/post"}],"author":[{"embeddable":true,"href":"https:\/\/www.europesays.com\/se\/wp-json\/wp\/v2\/users\/2"}],"replies":[{"embeddable":true,"href":"https:\/\/www.europesays.com\/se\/wp-json\/wp\/v2\/comments?post=111884"}],"version-history":[{"count":0,"href":"https:\/\/www.europesays.com\/se\/wp-json\/wp\/v2\/posts\/111884\/revisions"}],"wp:featuredmedia":[{"embeddable":true,"href":"https:\/\/www.europesays.com\/se\/wp-json\/wp\/v2\/media\/111885"}],"wp:attachment":[{"href":"https:\/\/www.europesays.com\/se\/wp-json\/wp\/v2\/media?parent=111884"}],"wp:term":[{"taxonomy":"category","embeddable":true,"href":"https:\/\/www.europesays.com\/se\/wp-json\/wp\/v2\/categories?post=111884"},{"taxonomy":"post_tag","embeddable":true,"href":"https:\/\/www.europesays.com\/se\/wp-json\/wp\/v2\/tags?post=111884"}],"curies":[{"name":"wp","href":"https:\/\/api.w.org\/{rel}","templated":true}]}}