{"id":111886,"date":"2025-12-20T10:10:31","date_gmt":"2025-12-20T10:10:31","guid":{"rendered":"https:\/\/www.europesays.com\/se\/111886\/"},"modified":"2025-12-20T10:10:31","modified_gmt":"2025-12-20T10:10:31","slug":"usa-haver-sanktioner-mot-fran-kritisk-metall-fran-belarus","status":"publish","type":"post","link":"https:\/\/www.europesays.com\/se\/111886\/","title":{"rendered":"USA h\u00e4ver sanktioner mot fr\u00e5n kritisk metall fr\u00e5n Belarus"},"content":{"rendered":"<p>USA har beslutat att h\u00e4va sina sanktioner mot import av kalium fr\u00e5n Belarus, rapporterar flera medier. Beslutet, som tillk\u00e4nnagavs i Minsk av s\u00e4ndebudet John Coale i enlighet med &#8221;president Trumps instruktioner&#8221;, ses ett svar p\u00e5 Belarus besked att frige ett dussintals politiska f\u00e5ngar. Det rapporterar flera medier.<\/p>\n<p>Belarus \u00e4r en av v\u00e4rldens st\u00f6rsta producenter av kaliumklorid, och det statligt \u00e4gda producenten Belaruskali har varit f\u00f6rem\u00e5l f\u00f6r omfattande v\u00e4sterl\u00e4ndska sanktioner, vilket f\u00e5tt Belarus att s\u00f6ka sig p\u00e5 nya \u201dnya marknader och utveckla alternativa logistikkanaler\u201d, enligt tidningen La Tribune.<\/p>\n<p>Det amerikanska beslutet \u00e4r, enligt La Tribune, \u201ddirekt kopplat\u201d till den strategiska betydelsen av kaliumklorid p\u00e5 den amerikanska inhemska marknaden.\u00a0<\/p>\n<p>USA importerar upp till 90 % av sitt kaliumbehov, fr\u00e4mst fr\u00e5n Kanada. Tullar som tidigare inf\u00f6rts av Trump-administrationen har dock redan f\u00f6rsvagat denna leveranskedja, vilket gjort metallen \u00e4nnu mer \u201ds\u00e5rbart f\u00f6r marknadsfluktuationer\u201d. En direkt konsekvens av det \u00e4r att amerikanska jordbrukare betalat mer f\u00f6r sina g\u00f6dselmedel.\u00a0<\/p>\n<p>Enligt tidningen La Tribune \u00f6ppnar beslutet \u201den diplomatisk v\u00e4g genom att erk\u00e4nna Lukasjenkos roll som Vladimir Putins f\u00f6redragna samtalspartner\u201d. Enligt nyhetsbyr\u00e5n Xinhua finns ett dubbelt motiv bakom beslutet, av b\u00e5de ekonomisk och diplomatisk natur:\u00a0 att s\u00e4kra en strategisk f\u00f6rs\u00f6rjning och utforska en ny v\u00e4g i relationerna med Moskva.<\/p>\n","protected":false},"excerpt":{"rendered":"USA har beslutat att h\u00e4va sina sanktioner mot import av kalium fr\u00e5n Belarus, rapporterar flera medier. Beslutet, som&hellip;\n","protected":false},"author":2,"featured_media":111887,"comment_status":"","ping_status":"","sticky":false,"template":"","format":"standard","meta":{"footnotes":""},"categories":[14],"tags":[22,23,26,27,17,21,24,25,28,29,15,16,18,34,31,33,32,30,19,20,51,52,53,54],"class_list":{"0":"post-111886","1":"post","2":"type-post","3":"status-publish","4":"format-standard","5":"has-post-thumbnail","7":"category-varlden","8":"tag-breaking-news","9":"tag-breakingnews","10":"tag-featured-news","11":"tag-featurednews","12":"tag-headlines","13":"tag-huvudnyheter","14":"tag-latest-news","15":"tag-latestnews","16":"tag-main-news","17":"tag-mainnews","18":"tag-news","19":"tag-nyheter","20":"tag-rubriker","21":"tag-se","22":"tag-svenska","23":"tag-sverige","24":"tag-sweden","25":"tag-swedish","26":"tag-top-stories","27":"tag-topstories","28":"tag-varlden","29":"tag-world","30":"tag-world-news","31":"tag-worldnews"},"share_on_mastodon":{"url":"https:\/\/pubeurope.com\/@se\/115751355943599706","error":""},"_links":{"self":[{"href":"https:\/\/www.europesays.com\/se\/wp-json\/wp\/v2\/posts\/111886","targetHints":{"allow":["GET"]}}],"collection":[{"href":"https:\/\/www.europesays.com\/se\/wp-json\/wp\/v2\/posts"}],"about":[{"href":"https:\/\/www.europesays.com\/se\/wp-json\/wp\/v2\/types\/post"}],"author":[{"embeddable":true,"href":"https:\/\/www.europesays.com\/se\/wp-json\/wp\/v2\/users\/2"}],"replies":[{"embeddable":true,"href":"https:\/\/www.europesays.com\/se\/wp-json\/wp\/v2\/comments?post=111886"}],"version-history":[{"count":0,"href":"https:\/\/www.europesays.com\/se\/wp-json\/wp\/v2\/posts\/111886\/revisions"}],"wp:featuredmedia":[{"embeddable":true,"href":"https:\/\/www.europesays.com\/se\/wp-json\/wp\/v2\/media\/111887"}],"wp:attachment":[{"href":"https:\/\/www.europesays.com\/se\/wp-json\/wp\/v2\/media?parent=111886"}],"wp:term":[{"taxonomy":"category","embeddable":true,"href":"https:\/\/www.europesays.com\/se\/wp-json\/wp\/v2\/categories?post=111886"},{"taxonomy":"post_tag","embeddable":true,"href":"https:\/\/www.europesays.com\/se\/wp-json\/wp\/v2\/tags?post=111886"}],"curies":[{"name":"wp","href":"https:\/\/api.w.org\/{rel}","templated":true}]}}