{"id":111888,"date":"2025-12-20T10:11:08","date_gmt":"2025-12-20T10:11:08","guid":{"rendered":"https:\/\/www.europesays.com\/se\/111888\/"},"modified":"2025-12-20T10:11:08","modified_gmt":"2025-12-20T10:11:08","slug":"misstankt-valdtakt-i-sundsvall-svt-nyheter","status":"publish","type":"post","link":"https:\/\/www.europesays.com\/se\/111888\/","title":{"rendered":"Misst\u00e4nkt v\u00e5ldt\u00e4kt i Sundsvall | SVT Nyheter"},"content":{"rendered":"<p>Polisen har under natten till l\u00f6rdagen f\u00e5tt in en anm\u00e4lan om en v\u00e5ldt\u00e4kt utomhus i Sundsvall. Ingen person \u00e4r gripen och det finns ingen misst\u00e4nkt. Polisen vill i nul\u00e4get inte g\u00e5 in p\u00e5 om det r\u00f6r sig om en eller flera misst\u00e4nkta g\u00e4rningsm\u00e4n. <\/p>\n<p>S\u00f6ker iakttagelser<\/p>\n<p> Polisen s\u00f6ker vittnen fr\u00e5n omr\u00e5det d\u00e4r h\u00e4ndelsen intr\u00e4ffat, som enligt initiala uppgifter ska vara kring Kaptensgatan och Fridhemsgatan. Polisen \u00e4r hoppfull att d\u00e5 platsen \u00e4r central att folk kan ha passerat platsen runt midnatt n\u00e4r brottet ska ha skett. <\/p>\n<p>\u2013 Man beh\u00f6ver inte g\u00f6ra bed\u00f6mning sj\u00e4lv om det man har sett eller h\u00f6rt \u00e4r av v\u00e4rde, utan det \u00e4r b\u00e4ttre att man h\u00f6r av sig till oss, allt kan vara av intresse, s\u00e4ger polisens presstalesperson Marie Andersson. <\/p>\n<p>Texten uppdateras<\/p>\n","protected":false},"excerpt":{"rendered":"Polisen har under natten till l\u00f6rdagen f\u00e5tt in en anm\u00e4lan om en v\u00e5ldt\u00e4kt utomhus i Sundsvall. Ingen person&hellip;\n","protected":false},"author":2,"featured_media":793,"comment_status":"","ping_status":"","sticky":false,"template":"","format":"standard","meta":{"footnotes":""},"categories":[12],"tags":[22,23,26,27,17,21,24,25,28,29,15,16,18,34,31,33,32,30,19,20],"class_list":{"0":"post-111888","1":"post","2":"type-post","3":"status-publish","4":"format-standard","5":"has-post-thumbnail","7":"category-sverige","8":"tag-breaking-news","9":"tag-breakingnews","10":"tag-featured-news","11":"tag-featurednews","12":"tag-headlines","13":"tag-huvudnyheter","14":"tag-latest-news","15":"tag-latestnews","16":"tag-main-news","17":"tag-mainnews","18":"tag-news","19":"tag-nyheter","20":"tag-rubriker","21":"tag-se","22":"tag-svenska","23":"tag-sverige","24":"tag-sweden","25":"tag-swedish","26":"tag-top-stories","27":"tag-topstories"},"share_on_mastodon":{"url":"https:\/\/pubeurope.com\/@se\/115751359934028328","error":""},"_links":{"self":[{"href":"https:\/\/www.europesays.com\/se\/wp-json\/wp\/v2\/posts\/111888","targetHints":{"allow":["GET"]}}],"collection":[{"href":"https:\/\/www.europesays.com\/se\/wp-json\/wp\/v2\/posts"}],"about":[{"href":"https:\/\/www.europesays.com\/se\/wp-json\/wp\/v2\/types\/post"}],"author":[{"embeddable":true,"href":"https:\/\/www.europesays.com\/se\/wp-json\/wp\/v2\/users\/2"}],"replies":[{"embeddable":true,"href":"https:\/\/www.europesays.com\/se\/wp-json\/wp\/v2\/comments?post=111888"}],"version-history":[{"count":0,"href":"https:\/\/www.europesays.com\/se\/wp-json\/wp\/v2\/posts\/111888\/revisions"}],"wp:featuredmedia":[{"embeddable":true,"href":"https:\/\/www.europesays.com\/se\/wp-json\/wp\/v2\/media\/793"}],"wp:attachment":[{"href":"https:\/\/www.europesays.com\/se\/wp-json\/wp\/v2\/media?parent=111888"}],"wp:term":[{"taxonomy":"category","embeddable":true,"href":"https:\/\/www.europesays.com\/se\/wp-json\/wp\/v2\/categories?post=111888"},{"taxonomy":"post_tag","embeddable":true,"href":"https:\/\/www.europesays.com\/se\/wp-json\/wp\/v2\/tags?post=111888"}],"curies":[{"name":"wp","href":"https:\/\/api.w.org\/{rel}","templated":true}]}}