{"id":111889,"date":"2025-12-20T10:12:57","date_gmt":"2025-12-20T10:12:57","guid":{"rendered":"https:\/\/www.europesays.com\/se\/111889\/"},"modified":"2025-12-20T10:12:57","modified_gmt":"2025-12-20T10:12:57","slug":"forst-behover-vi-reformer-som-starker-lararna","status":"publish","type":"post","link":"https:\/\/www.europesays.com\/se\/111889\/","title":{"rendered":"\u201dF\u00f6rst beh\u00f6ver vi reformer som st\u00e4rker l\u00e4rarna\u201d"},"content":{"rendered":"<p>                                    <img decoding=\"async\" src=\"https:\/\/www.europesays.com\/se\/wp-content\/uploads\/2025\/12\/martin-joelsson-klassrum-debatt.jpg\" alt=\"En genrebild av ett tomt klassrum och ett portr\u00e4tt av Martin Joelsson\" loading=\"lazy\"\/><\/p>\n<p>                                    Foto: AdobeStock\/Privat<\/p>\n<p class=\"article-headerImageDescription\">Martin Joelsson (C) vill se satsningar p\u00e5 l\u00e4rare.<\/p>\n<p class=\"article-preamble\">\n                        Debatt<br \/>\n                        Svensk skola har genomg\u00e5tt m\u00e5nga, stora reformer de senaste decennierna.<br \/>Under n\u00e4sta \u00e5r f\u00f6rv\u00e4ntas regeringen l\u00e4gga fram f\u00f6rslaget om en ny, stor l\u00e4roplansreform.<br \/>Men Martin Joelson, riksdagskandidat f\u00f6r Centerpartiet, efterlyser reformer som \u201dst\u00e4rker l\u00e4rarnas f\u00f6ruts\u00e4ttningar att undervisa\u201d.\n                    <\/p>\n<p>Detta \u00e4r en kommenterande text. Det \u00e4r skribenten som st\u00e5r f\u00f6r \u00e5sikterna som f\u00f6rs fram.<\/p>\n<p>Grunden f\u00f6r ett livsl\u00e5ngt l\u00e4rande l\u00e4ggs i klassrummet. \u00c4nd\u00e5 l\u00e4mnar varje \u00e5r n\u00e4rmare 20\u202f000 elever grundskolan utan gymnasiebeh\u00f6righet.<\/p>\n<p>Samtidigt visar internationella m\u00e4tningar som PISA att svenska elevers resultat, trots ett stabilt OECD\u2011snitt, l\u00e5ngsiktigt har f\u00f6rsvagats. I detta l\u00e4ge v\u00e4ljer regeringen att satsa allt p\u00e5 nya l\u00e4roplaner. Utg\u00e5ngspunkten borde vara relationen l\u00e4rare och elev.<\/p>\n<p>Stora skillnader<\/p>\n<p>Skillnaderna inom landet \u00e4r stora. Resultaten varierar kraftigt mellan stad och landsbygd och mellan socioekonomiskt starka och svaga omr\u00e5den. F\u00f6r l\u00e4rarna inneb\u00e4r detta helt olika f\u00f6ruts\u00e4ttningar att lyckas med sitt uppdrag trots samma styrdokument och ansvar.<\/p>\n<p>Jag \u00e4r inte \u00f6vertygad om att ytterligare stora l\u00e4roplansreformer \u00e4r den avg\u00f6rande l\u00f6sningen. Svensk skola har genomg\u00e5tt m\u00e5nga s\u00e5dana under de senaste decennierna, ofta med \u00f6kad arbetsbelastning f\u00f6r l\u00e4rare som f\u00f6ljd men utan tydliga f\u00f6rb\u00e4ttringar av resultaten.<\/p>\n<p>F\u00f6rst beh\u00f6ver vi reformer som st\u00e4rker l\u00e4rarnas f\u00f6ruts\u00e4ttningar att undervisa. Grunden \u00e4r att varje elev l\u00e4r sig mer. Tre omr\u00e5den \u00e4r enligt mig viktiga f\u00f6r detta:<\/p>\n<p>Generella statsbidrag<\/p>\n<p>I dag l\u00e4gger m\u00e5nga huvudm\u00e4n och rektorer betydande tid p\u00e5 att hantera riktade statsbidrag som \u00e4r sv\u00e5ra att s\u00f6ka, anv\u00e4nda och redovisa. Detta sl\u00e5r s\u00e4rskilt h\u00e5rt mot mindre och ekonomiskt pressade kommuner.<\/p>\n<p>Mer generella statsbidrag skulle minska administrationen och ge skolor st\u00f6rre m\u00f6jlighet att anv\u00e4nda resurser d\u00e4r de g\u00f6r st\u00f6rst nytta till exempel till mindre undervisningsgrupper, mer tid f\u00f6r planering och uppf\u00f6ljning samt fler kollegor i arbetslagen. Resurser m\u00e5ste ocks\u00e5 f\u00f6rdelas s\u00e5 att skolor med st\u00f6rre utmaningar ges realistiska m\u00f6jligheter att komma ikapp.<\/p>\n<p>NPF och EHT<\/p>\n<p>M\u00e5nga l\u00e4rare m\u00f6ter i dag elever med neuropsykiatriska funktionsneds\u00e4ttningar utan att alltid ha tillr\u00e4ckligt st\u00f6d eller utbildning f\u00f6r det. Tidiga insatser \u00e4r avg\u00f6rande, b\u00e5de f\u00f6r elevernas kunskapsutveckling och f\u00f6r att f\u00f6rebygga psykisk oh\u00e4lsa. D\u00e4rf\u00f6r beh\u00f6ver l\u00e4rare f\u00e5 tillg\u00e5ng till relevant kompetensutveckling, samtidigt som elevh\u00e4lsan m\u00e5ste vara tillr\u00e4ckligt bemannad och integrerad i skolans vardag. R\u00e4tt st\u00f6d i r\u00e4tt tid.<\/p>\n<p>Karri\u00e4rv\u00e4gar f\u00f6r l\u00e4rare<\/p>\n<p>L\u00e4raren \u00e4r den viktigaste faktorn f\u00f6r elevernas kunskapsutveckling. Idag ser vi geografiska skillnader i l\u00e4rarbeh\u00f6righet. Samtidigt kr\u00e4vs fler m\u00f6jligheter till vidareutbildning och tydliga karri\u00e4rv\u00e4gar som inte inneb\u00e4r att skickliga l\u00e4rare m\u00e5ste l\u00e4mna undervisningen.<\/p>\n<p>Sj\u00e4lva l\u00e4rarutbildningen m\u00e5ste anpassas f\u00f6r att t\u00e4cka upp de st\u00f6rre krav som st\u00e4lls b\u00e5de p\u00e5 beh\u00f6righet och kunskap om NPF. Slutligen m\u00e5ste l\u00e4raryrkets l\u00f6neutveckling spegla det ansvar och den kompetens som kr\u00e4vs.<\/p>\n<p>Om Sverige \u00e4ven i framtiden ska vara ett med tillv\u00e4xt kan vi inte se s\u00e5 m\u00e5nga elever med bristande kunskaper. Varje elev som inte ges m\u00f6jlighet att lyckas \u00e4r en f\u00f6rlust f\u00f6r samh\u00e4llet. Med r\u00e4tt prioriteringar och med l\u00e4rarnas professionella perspektiv i centrum kan utvecklingen v\u00e4ndas p\u00e5 r\u00e4tt s\u00e4tt och fr\u00e5n grunden.<\/p>\n<p><strong>Martin Joelsson, Riksdagskandidat Centerpartiet, Kalmar l\u00e4n<\/strong><\/p>\n<p>        Vill du skriva en debattartikel p\u00e5 Vi L\u00e4rare?<\/p>\n<p><strong>G\u00f6r s\u00e5 h\u00e4r:<\/strong><\/p>\n<ol>\n<li>Skriv max 3 000 tecken, underteckna med namn, titel och g\u00e4rna bostadsort.<\/li>\n<li>Skicka helst texten som en Word-fil, och bifoga g\u00e4rna ett h\u00f6guppl\u00f6st portr\u00e4ttfoto i f\u00e4rg (oftast duger en selfie tagen i bra ljus).<\/li>\n<li>Mejla texten till adressen nedan och skriv \u00e4ven ditt mobilnummer i mejlet ifall vi beh\u00f6ver diskutera texten.<\/li>\n<\/ol>\n<p><strong>Mejla till oss p\u00e5:<\/strong> <a href=\"https:\/\/www.vilarare.se\/nyheter\/vi-larare-debatt\/forst-behover-vi-reformer-som-starker-lararnas-forutsattningar\/mailto:debatt@vilarare.se\" rel=\"nofollow noopener\" target=\"_blank\">debatt@vilarare.se<\/a><\/p>\n<p><a title=\"Granskning: L\u00e4rare har h\u00f6gre sjuktal \u00e4n andra yrken\" href=\"https:\/\/www.vilarare.se\/nyheter\/granskning\/larare-har-hogre-sjuktal-an-andra-yrken\/\" rel=\"nofollow noopener\" target=\"_blank\">Granskning: L\u00e4rare har h\u00f6gre sjuktal \u00e4n andra yrken<\/a><\/p>\n","protected":false},"excerpt":{"rendered":"Foto: AdobeStock\/Privat Martin Joelsson (C) vill se satsningar p\u00e5 l\u00e4rare. Debatt Svensk skola har genomg\u00e5tt m\u00e5nga, stora reformer&hellip;\n","protected":false},"author":2,"featured_media":111890,"comment_status":"","ping_status":"","sticky":false,"template":"","format":"standard","meta":{"footnotes":""},"categories":[5],"tags":[22,23,26,27,17,21,24,25,28,29,15,16,18,34,31,33,32,30,19,20],"class_list":{"0":"post-111889","1":"post","2":"type-post","3":"status-publish","4":"format-standard","5":"has-post-thumbnail","7":"category-rubriker","8":"tag-breaking-news","9":"tag-breakingnews","10":"tag-featured-news","11":"tag-featurednews","12":"tag-headlines","13":"tag-huvudnyheter","14":"tag-latest-news","15":"tag-latestnews","16":"tag-main-news","17":"tag-mainnews","18":"tag-news","19":"tag-nyheter","20":"tag-rubriker","21":"tag-se","22":"tag-svenska","23":"tag-sverige","24":"tag-sweden","25":"tag-swedish","26":"tag-top-stories","27":"tag-topstories"},"share_on_mastodon":{"url":"https:\/\/pubeurope.com\/@se\/115751368073721038","error":""},"_links":{"self":[{"href":"https:\/\/www.europesays.com\/se\/wp-json\/wp\/v2\/posts\/111889","targetHints":{"allow":["GET"]}}],"collection":[{"href":"https:\/\/www.europesays.com\/se\/wp-json\/wp\/v2\/posts"}],"about":[{"href":"https:\/\/www.europesays.com\/se\/wp-json\/wp\/v2\/types\/post"}],"author":[{"embeddable":true,"href":"https:\/\/www.europesays.com\/se\/wp-json\/wp\/v2\/users\/2"}],"replies":[{"embeddable":true,"href":"https:\/\/www.europesays.com\/se\/wp-json\/wp\/v2\/comments?post=111889"}],"version-history":[{"count":0,"href":"https:\/\/www.europesays.com\/se\/wp-json\/wp\/v2\/posts\/111889\/revisions"}],"wp:featuredmedia":[{"embeddable":true,"href":"https:\/\/www.europesays.com\/se\/wp-json\/wp\/v2\/media\/111890"}],"wp:attachment":[{"href":"https:\/\/www.europesays.com\/se\/wp-json\/wp\/v2\/media?parent=111889"}],"wp:term":[{"taxonomy":"category","embeddable":true,"href":"https:\/\/www.europesays.com\/se\/wp-json\/wp\/v2\/categories?post=111889"},{"taxonomy":"post_tag","embeddable":true,"href":"https:\/\/www.europesays.com\/se\/wp-json\/wp\/v2\/tags?post=111889"}],"curies":[{"name":"wp","href":"https:\/\/api.w.org\/{rel}","templated":true}]}}