{"id":111906,"date":"2025-12-20T10:47:15","date_gmt":"2025-12-20T10:47:15","guid":{"rendered":"https:\/\/www.europesays.com\/se\/111906\/"},"modified":"2025-12-20T10:47:15","modified_gmt":"2025-12-20T10:47:15","slug":"polisen-varnar-for-bedragare-som-latsas-vara-blombud-ostnyland","status":"publish","type":"post","link":"https:\/\/www.europesays.com\/se\/111906\/","title":{"rendered":"Polisen varnar f\u00f6r bedragare som l\u00e5tsas vara blombud | \u00d6stnyland"},"content":{"rendered":"<p class=\"aw-1gybjub aw-5vja16 kEtdKx kmuxyA yle__article__paragraph\">Fr\u00e4mmande m\u00e4nniskor ringer p\u00e5 d\u00f6rren med p\u00e5hittade blomleveranser. I v\u00e4rsta fall kan du luras p\u00e5 flera tusen euro.<\/p>\n<p><img decoding=\"async\" alt=\"Tv\u00e5 nyutslagna amaryllisar i n\u00e4rbild, gr\u00f6na knoppar och blad runtomkring.\" src=\"https:\/\/www.europesays.com\/se\/wp-content\/uploads\/2025\/12\/39-1570760694152e6e0842.jpeg\" class=\"aw-1l9m598 hKVVvP\"\/><\/p>\n<p>\u00d6ppna bildvisare<\/p>\n<p>Falska blombud bes\u00f6ker \u00e4ldre i adventstider och lurar dem p\u00e5 pengar. Bild: \u00c5sa Thod\u00e9n \/ YleLyssna (du h\u00f6r en artificiell r\u00f6st) 1:44<\/p>\n<p class=\"aw-1gybjub aw-1p7kakr kEtdKx cEmitX yle__article__paragraph\">Polisen i \u00d6stra Nyland varnar f\u00f6r falska blombud som i huvudsak bes\u00f6ker \u00e4ldre personer. Det \u00e4r fr\u00e5ga om ett bedr\u00e4geribrott d\u00e4r personer luras p\u00e5 pengar med p\u00e5hittade blomsterleveranser.<\/p>\n<p class=\"aw-1gybjub aw-1p7kakr kEtdKx cEmitX yle__article__paragraph\">Enligt polisen hittar personer som beg\u00e5r bedr\u00e4geribrott st\u00e4ndigt p\u00e5 nya s\u00e4tt att lura och vilseleda m\u00e4nniskor.<\/p>\n<p class=\"aw-1gybjub aw-1p7kakr kEtdKx cEmitX yle__article__paragraph\">\u201dOnsdagen den 17 december fick vi k\u00e4nnedom om ett fall i Kervo, d\u00e4r ett par hade dykt upp vid en \u00e4ldre kvinnas ytterd\u00f6rr f\u00f6r att leverera en p\u00e5hittad blomsterleverans som p\u00e5stods vara skickad av en bekant\u201d, uppger kriminalkommissarie <strong class=\"aw-ak79eh KyCXm yle__article__strong\">Ina Muuriaisniemi<\/strong> i ett pressmeddelande.<\/p>\n<p class=\"aw-1gybjub aw-1p7kakr kEtdKx cEmitX yle__article__paragraph\">F\u00f6r blomsterleveransen beg\u00e4rdes en mindre betalning, som kvinnan betalade med sin mobiltelefon.<\/p>\n<p class=\"aw-1gybjub aw-1p7kakr kEtdKx cEmitX yle__article__paragraph\">Hon fick \u00e4nd\u00e5 en k\u00e4nsla av att allt inte stod r\u00e4tt till och tog kontakt med sin bank, som kunde konstatera att 2\u00a0400 euro hade tagits ut fr\u00e5n kontot vid en bankautomat i Kervo.<\/p>\n<p class=\"aw-1gybjub aw-1p7kakr kEtdKx cEmitX yle__article__paragraph\">I samband med samtalet uppt\u00e4ckte kvinnan ocks\u00e5 att b\u00e5da hennes kreditkort saknades i pl\u00e5nboken.<\/p>\n<p>Lurad p\u00e5 tiotusentals euro<\/p>\n<p class=\"aw-1gybjub aw-1p7kakr kEtdKx cEmitX yle__article__paragraph\">Polisen k\u00e4nner till ett tiotal liknande fall runt om i landet. G\u00e4rningspersonerna har d\u00e5 kommit \u00f6ver varierande belopp, i de v\u00e4rsta fallen flera tiotusentals euro.<\/p>\n<p class=\"aw-1gybjub aw-1p7kakr kEtdKx cEmitX yle__article__paragraph\">De kommande helgdagarna \u00e4r bedragarnas guldtid, och polisen uppmanar d\u00e4rf\u00f6r m\u00e4nniskor att vara extra vaksamma.<\/p>\n<p class=\"aw-1gybjub aw-1p7kakr kEtdKx cEmitX yle__article__paragraph\">Man kan aldrig p\u00e5minna sina \u00e4ldre sl\u00e4ktingar, n\u00e4rst\u00e5ende och bekanta f\u00f6r mycket om den h\u00e4r typen av risksituationer.<\/p>\n<p class=\"aw-1gybjub aw-1p7kakr kEtdKx cEmitX yle__article__paragraph\">Polisen understryker ocks\u00e5 att man aldrig ska l\u00e4mna ut sitt bankkortsnummer eller sina PIN-koder till ok\u00e4nda personer.<\/p>\n","protected":false},"excerpt":{"rendered":"Fr\u00e4mmande m\u00e4nniskor ringer p\u00e5 d\u00f6rren med p\u00e5hittade blomleveranser. I v\u00e4rsta fall kan du luras p\u00e5 flera tusen euro.&hellip;\n","protected":false},"author":2,"featured_media":111907,"comment_status":"","ping_status":"","sticky":false,"template":"","format":"standard","meta":{"footnotes":""},"categories":[5],"tags":[6858,3669,12320,12317,22,23,128,26,27,684,17,21,683,12318,24,25,28,29,15,16,682,1994,12319,18,34,31,33,32,30,19,20],"class_list":{"0":"post-111906","1":"post","2":"type-post","3":"status-publish","4":"format-standard","5":"has-post-thumbnail","7":"category-rubriker","8":"tag-bedragare","9":"tag-bedrageri","10":"tag-blommor","11":"tag-blomsterhandlare","12":"tag-breaking-news","13":"tag-breakingnews","14":"tag-brott","15":"tag-featured-news","16":"tag-featurednews","17":"tag-finland","18":"tag-headlines","19":"tag-huvudnyheter","20":"tag-inrikes","21":"tag-kervo","22":"tag-latest-news","23":"tag-latestnews","24":"tag-main-news","25":"tag-mainnews","26":"tag-news","27":"tag-nyheter","28":"tag-nyland","29":"tag-ostnyland","30":"tag-ostra-nyland-hist","31":"tag-rubriker","32":"tag-se","33":"tag-svenska","34":"tag-sverige","35":"tag-sweden","36":"tag-swedish","37":"tag-top-stories","38":"tag-topstories"},"share_on_mastodon":{"url":"https:\/\/pubeurope.com\/@se\/115751501568894564","error":""},"_links":{"self":[{"href":"https:\/\/www.europesays.com\/se\/wp-json\/wp\/v2\/posts\/111906","targetHints":{"allow":["GET"]}}],"collection":[{"href":"https:\/\/www.europesays.com\/se\/wp-json\/wp\/v2\/posts"}],"about":[{"href":"https:\/\/www.europesays.com\/se\/wp-json\/wp\/v2\/types\/post"}],"author":[{"embeddable":true,"href":"https:\/\/www.europesays.com\/se\/wp-json\/wp\/v2\/users\/2"}],"replies":[{"embeddable":true,"href":"https:\/\/www.europesays.com\/se\/wp-json\/wp\/v2\/comments?post=111906"}],"version-history":[{"count":0,"href":"https:\/\/www.europesays.com\/se\/wp-json\/wp\/v2\/posts\/111906\/revisions"}],"wp:featuredmedia":[{"embeddable":true,"href":"https:\/\/www.europesays.com\/se\/wp-json\/wp\/v2\/media\/111907"}],"wp:attachment":[{"href":"https:\/\/www.europesays.com\/se\/wp-json\/wp\/v2\/media?parent=111906"}],"wp:term":[{"taxonomy":"category","embeddable":true,"href":"https:\/\/www.europesays.com\/se\/wp-json\/wp\/v2\/categories?post=111906"},{"taxonomy":"post_tag","embeddable":true,"href":"https:\/\/www.europesays.com\/se\/wp-json\/wp\/v2\/tags?post=111906"}],"curies":[{"name":"wp","href":"https:\/\/api.w.org\/{rel}","templated":true}]}}