{"id":111914,"date":"2025-12-20T10:51:10","date_gmt":"2025-12-20T10:51:10","guid":{"rendered":"https:\/\/www.europesays.com\/se\/111914\/"},"modified":"2025-12-20T10:51:10","modified_gmt":"2025-12-20T10:51:10","slug":"pakostad-apple-tv-thriller-laggs-ner-efter-en-sasong","status":"publish","type":"post","link":"https:\/\/www.europesays.com\/se\/111914\/","title":{"rendered":"P\u00e5kostad Apple TV-thriller l\u00e4ggs ner efter en s\u00e4song"},"content":{"rendered":"<p>De kan inte alla vara fulltr\u00e4ffar. Apple har gjort sig k\u00e4nda f\u00f6r att producera p\u00e5kostade och hyllade tv-serier, men ibland beh\u00f6ver \u00e4ven en regel sina undantag. <a href=\"https:\/\/variety.com\/2025\/tv\/news\/the-last-frontier-canceled-apple-tv-1236612904\/\" rel=\"nofollow noopener\" target=\"_blank\">Variety<\/a> rapporterar nu att \u201dThe Last Frontier\u201d \u00e4r ett s\u00e5dant.<\/p>\n<p>Thriller-serien \u00e4r skapad av Jon Bokenkamp (\u201dBlacklist\u201d), och l\u00e5ter oss f\u00f6lja US Marshals Frank Remnick (spelad av Jason Clarke) i Alaskas vildmark. N\u00e4r ett flygplan lastat med farliga f\u00e5ngar kraschar, ligger det p\u00e5 Frank att skydda stadens inv\u00e5nare och f\u00e5nga skurkar.<\/p>\n<p>Och kanske nysta upp en misst\u00e4nkt konspiration.<\/p>\n<p>Tyv\u00e4rr var b\u00e5de kritiker och publik ganska eniga om att \u201dThe Last Frontier\u201d inte var en h\u00f6jdare. P\u00e5 <a href=\"https:\/\/www.rottentomatoes.com\/tv\/the_last_frontier_2025\/s01\" rel=\"nofollow noopener\" target=\"_blank\">Rotten Tomatoes<\/a> har serien f\u00f6r n\u00e4rvarande bara 46% hos de f\u00f6rstn\u00e4mnda och f\u00f6ga mer imponerande 50% hos de sistn\u00e4mnda. En bra id\u00e9 och inledning som inte h\u00e5ller hela v\u00e4gen, verkar vara den gemensamma domen.<\/p>\n<p>Det fanns planer f\u00f6r en andra s\u00e4song. I en tidigare intervju med Variety pratade bland annat Bokenkamp om att det inte fanns mycket mer mer att g\u00f6ra i Alaska, att serien skulle kunna ta v\u00e4gen n\u00e5gon annastans:<\/p>\n<p>\u2013 Vi har verkligen pratat mycket om var de hamnar, kanske p\u00e5 en strand n\u00e5gonstans. Men det sl\u00e5r mig ocks\u00e5 att US Marshals jagar skurkar \u00f6ver hela v\u00e4rlden. Sidney och Havlock \u00e4r ett problem f\u00f6r Frank, men det betyder inte att de \u00e4r hans enda problem.<\/p>\n<p>Men Frank och hans skurkar blir allts\u00e5 kvar i Alaska.<\/p>\n<p>\u00c4r du \u00e4nd\u00e5 nyfiken p\u00e5 \u201dThe Last Frontier\u201d, s\u00e5 finns de tio avsnitten av den f\u00f6rsta och enda s\u00e4songen tillg\u00e4ngliga f\u00f6r streaming hos Apple TV.<\/p>\n<p>L\u00e4s ocks\u00e5: <a href=\"https:\/\/www.moviezine.se\/nyheter\/the-last-frontier-jason-clarke-intervju-lang-action-scen-i-en-tagning\" title=\"\u201dThe Last Frontier\u201d imponerar med l\u00e5ng actionscen i en enda tagning: \u201dVi skapade n\u00e5got episkt\u201d\" class=\"underline-custom !font-montserrat !font-bold !underline-offset-4 !decoration-4 !decoration-moviezine-green !text-md\" rel=\"nofollow noopener\" target=\"_blank\">\u201dThe Last Frontier\u201d imponerar med l\u00e5ng actionscen i en enda tagning: \u201dVi skapade n\u00e5got episkt\u201d<\/a><\/p>\n<p>L\u00e4s ocks\u00e5: <a href=\"https:\/\/www.moviezine.se\/nyheter\/nya-tv-serier-oktober-2025-premiar-guide\" title=\"Starka tv-h\u00f6sten forts\u00e4tter! H\u00e4r \u00e4r 9 tv-serier du beh\u00f6ver ha koll p\u00e5 i oktober\" class=\"underline-custom !font-montserrat !font-bold !underline-offset-4 !decoration-4 !decoration-moviezine-green !text-md\" rel=\"nofollow noopener\" target=\"_blank\">Starka tv-h\u00f6sten forts\u00e4tter! H\u00e4r \u00e4r 9 tv-serier du beh\u00f6ver ha koll p\u00e5 i oktober<\/a><\/p>\n<p><img loading=\"lazy\" decoding=\"async\" alt=\"YouTube video\" width=\"480\" height=\"360\" data-pin-nopin=\"true\" nopin=\"nopin\" class=\"perfmatters-lazy\" src=\"https:\/\/www.europesays.com\/se\/wp-content\/uploads\/2025\/09\/1759074075_648_hqdefault.jpg\"\/><\/p>\n","protected":false},"excerpt":{"rendered":"De kan inte alla vara fulltr\u00e4ffar. Apple har gjort sig k\u00e4nda f\u00f6r att producera p\u00e5kostade och hyllade tv-serier,&hellip;\n","protected":false},"author":2,"featured_media":111915,"comment_status":"","ping_status":"","sticky":false,"template":"","format":"standard","meta":{"footnotes":""},"categories":[66],"tags":[2570,80,78,79,34,1702,31,33,32,30,81,84,83,82],"class_list":{"0":"post-111914","1":"post","2":"type-post","3":"status-publish","4":"format-standard","5":"has-post-thumbnail","7":"category-vetenskap-och-teknik","8":"tag-apple-tv-plus","9":"tag-science","10":"tag-science-and-technology","11":"tag-scienceandtechnology","12":"tag-se","13":"tag-streaming","14":"tag-svenska","15":"tag-sverige","16":"tag-sweden","17":"tag-swedish","18":"tag-technology","19":"tag-teknik","20":"tag-vetenskap","21":"tag-vetenskapteknik"},"share_on_mastodon":{"url":"https:\/\/pubeurope.com\/@se\/115751517249684529","error":""},"_links":{"self":[{"href":"https:\/\/www.europesays.com\/se\/wp-json\/wp\/v2\/posts\/111914","targetHints":{"allow":["GET"]}}],"collection":[{"href":"https:\/\/www.europesays.com\/se\/wp-json\/wp\/v2\/posts"}],"about":[{"href":"https:\/\/www.europesays.com\/se\/wp-json\/wp\/v2\/types\/post"}],"author":[{"embeddable":true,"href":"https:\/\/www.europesays.com\/se\/wp-json\/wp\/v2\/users\/2"}],"replies":[{"embeddable":true,"href":"https:\/\/www.europesays.com\/se\/wp-json\/wp\/v2\/comments?post=111914"}],"version-history":[{"count":0,"href":"https:\/\/www.europesays.com\/se\/wp-json\/wp\/v2\/posts\/111914\/revisions"}],"wp:featuredmedia":[{"embeddable":true,"href":"https:\/\/www.europesays.com\/se\/wp-json\/wp\/v2\/media\/111915"}],"wp:attachment":[{"href":"https:\/\/www.europesays.com\/se\/wp-json\/wp\/v2\/media?parent=111914"}],"wp:term":[{"taxonomy":"category","embeddable":true,"href":"https:\/\/www.europesays.com\/se\/wp-json\/wp\/v2\/categories?post=111914"},{"taxonomy":"post_tag","embeddable":true,"href":"https:\/\/www.europesays.com\/se\/wp-json\/wp\/v2\/tags?post=111914"}],"curies":[{"name":"wp","href":"https:\/\/api.w.org\/{rel}","templated":true}]}}