{"id":11193,"date":"2025-08-22T14:50:13","date_gmt":"2025-08-22T14:50:13","guid":{"rendered":"https:\/\/www.europesays.com\/se\/11193\/"},"modified":"2025-08-22T14:50:13","modified_gmt":"2025-08-22T14:50:13","slug":"penny-parnevik-vantar-sitt-fjarde-barn","status":"publish","type":"post","link":"https:\/\/www.europesays.com\/se\/11193\/","title":{"rendered":"Penny Parnevik v\u00e4ntar sitt fj\u00e4rde barn"},"content":{"rendered":"<p>Publicerad 22 aug 2025 kl 14.59Uppdaterad kl 16.38<\/p>\n<p>Penny Parnevik ska bli mamma f\u00f6r fj\u00e4rde g\u00e5ngen.<\/p>\n<p>28-\u00e5ringen har sedan tidigare tre barn med Douglas Murray, 45.<\/p>\n<p>\u201dBebis fyra kommer i mars 2026\u201d, skriver profilen p\u00e5 Instagram.<\/p>\n<p>Penny Parnevik: \u201dMina barn leker med typ pinnar\u201d<img loading=\"lazy\"   alt=\"\"\/> <\/p>\n<p>Foto: Karin T\u00f6rnblom\/TT \/ TT NYHETSBYR\u00c5N<\/p>\n<p>\u00d6ppna bild i helsk\u00e4rm<img loading=\"lazy\"   alt=\"\"\/> <\/p>\n<p>Foto: Karin T\u00f6rnblom \/ IBL<\/p>\n<p>\u00d6ppna bild i helsk\u00e4rm<img loading=\"lazy\"   alt=\"\"\/>\u00d6ppna bild i helsk\u00e4rm<\/p>\n<p>Parnevikfamiljen v\u00e4xer ytterligare n\u00e4r <a href=\"https:\/\/www.expressen.se\/tagg\/person\/penny-parnevik\/\" class=\"\" rel=\"nofollow noopener\" target=\"_blank\">Penny Parnevik<\/a> och Douglas Murray ska bli f\u00f6r\u00e4ldrar igen.<\/p>\n<p>Paret har sedan tidigare sonen Atticus, dottern Pebble och sonen Achilles ihop.<\/p>\n<p>Nu v\u00e4ntar de bebis nummer fyra, meddelar Parnevik p\u00e5 Instagram.<\/p>\n<p>\u201dBebis fyra kommer i mars 2026. Sedan drar jag mig tillbaka\u201d, skriver hon till en bild d\u00e4r hon visar upp gravidmagen.<\/p>\n<p>Profilen har \u00e4ven delat en video fr\u00e5n ett ultraljud d\u00e4r man ser familjens senaste tillskott.<\/p>\n<p>Grattish\u00e4lsningarna str\u00f6mmar nu in i kommentarsf\u00e4ltet.<\/p>\n<p><a href=\"https:\/\/www.instagram.com\/p\/DNqG02tIy74\/?igsh=bmhoZmdwN2t1N3E%3D?hidecaption=true\" data-provider=\"instagram\" class=\"js-social-embed\" rel=\"nofollow noopener\" target=\"_blank\">https:\/\/www.instagram.com\/p\/DNqG02tIy74\/?igsh=bmhoZmdwN2t1N3E%3D?hidecaption=true<\/a><img alt=\"\"\/>Ljudklippet gick inte att spela upp<\/p>\n<p>F\u00f6rs\u00f6k igen senare<\/p>\n<p><script async src=\"\/\/www.instagram.com\/embed.js\"><\/script><\/p>\n","protected":false},"excerpt":{"rendered":"Publicerad 22 aug 2025 kl 14.59Uppdaterad kl 16.38 Penny Parnevik ska bli mamma f\u00f6r fj\u00e4rde g\u00e5ngen. 28-\u00e5ringen har&hellip;\n","protected":false},"author":2,"featured_media":11194,"comment_status":"","ping_status":"","sticky":false,"template":"","format":"standard","meta":{"footnotes":""},"categories":[67],"tags":[104,440,1553,34,31,33,32,30,105],"class_list":{"0":"post-11193","1":"post","2":"type-post","3":"status-publish","4":"format-standard","5":"has-post-thumbnail","7":"category-underhallning","8":"tag-entertainment","9":"tag-function-unga","10":"tag-person-penny-parnevik","11":"tag-se","12":"tag-svenska","13":"tag-sverige","14":"tag-sweden","15":"tag-swedish","16":"tag-underhallning"},"share_on_mastodon":{"url":"","error":""},"_links":{"self":[{"href":"https:\/\/www.europesays.com\/se\/wp-json\/wp\/v2\/posts\/11193","targetHints":{"allow":["GET"]}}],"collection":[{"href":"https:\/\/www.europesays.com\/se\/wp-json\/wp\/v2\/posts"}],"about":[{"href":"https:\/\/www.europesays.com\/se\/wp-json\/wp\/v2\/types\/post"}],"author":[{"embeddable":true,"href":"https:\/\/www.europesays.com\/se\/wp-json\/wp\/v2\/users\/2"}],"replies":[{"embeddable":true,"href":"https:\/\/www.europesays.com\/se\/wp-json\/wp\/v2\/comments?post=11193"}],"version-history":[{"count":0,"href":"https:\/\/www.europesays.com\/se\/wp-json\/wp\/v2\/posts\/11193\/revisions"}],"wp:featuredmedia":[{"embeddable":true,"href":"https:\/\/www.europesays.com\/se\/wp-json\/wp\/v2\/media\/11194"}],"wp:attachment":[{"href":"https:\/\/www.europesays.com\/se\/wp-json\/wp\/v2\/media?parent=11193"}],"wp:term":[{"taxonomy":"category","embeddable":true,"href":"https:\/\/www.europesays.com\/se\/wp-json\/wp\/v2\/categories?post=11193"},{"taxonomy":"post_tag","embeddable":true,"href":"https:\/\/www.europesays.com\/se\/wp-json\/wp\/v2\/tags?post=11193"}],"curies":[{"name":"wp","href":"https:\/\/api.w.org\/{rel}","templated":true}]}}